{"id":626,"date":"2006-03-20T17:33:22","date_gmt":"2006-03-20T17:33:22","guid":{"rendered":"http:\/\/nasdat.com\/?p=626"},"modified":"2006-03-20T17:33:22","modified_gmt":"2006-03-20T17:33:22","slug":"chiminiguagua","status":"publish","type":"post","link":"https:\/\/nasdat.com\/?p=626","title":{"rendered":"Chiminiguagua"},"content":{"rendered":"<p>Chiminigagua<\/p>\n<p>Tomado del libro Hijos de la Primavera: vida y palabras de los indios de Am\u00e9rica; F.C.E., M\u00e9xico 1994 p\u00e1g.108<br \/>\nCoordinador: Federico Navarrete Linares.<br \/>\nAdaptaci\u00f3n: Silvia Tuchman.<br \/>\nIlustrador: Felipe D\u00e1valos.<br \/>\nContaban los antiguos muiscas que antes de que existiera algo en este mundo, cuando la oscuridad llenaba todo como una eterna noche, s\u00f3lo exist\u00eda una gran cosa que no ten\u00eda forma ni cara. Pero en su interior pose\u00eda la luz. Por eso los antepasados la llamaron Chiminigagua.<\/p>\n<p>\u00a0 \u00a0 Dicen tambi\u00e9n que una vez Chiminigagua se hiri\u00f3 el gigantesco vientre y de su herida empez\u00f3 a asomar un haz luminoso. De esta primera luz surgi\u00f3 la vida.<\/p>\n<p>\u00a0 \u00a0 Despu\u00e9s Chiminigagua cre\u00f3 grandes aves negras y las ech\u00f3 a volar para que derramaran su aliento sobre las cimas. De sus bocas sal\u00edan leves soplos de aire luminoso y transparente, que hicieron que la Tierra se viera clara e iluminada, como es ahora. <\/p>\n","protected":false},"excerpt":{"rendered":"<p>Chiminigagua Tomado del libro Hijos de la Primavera: vida y palabras de los indios de Am\u00e9rica; F.C.E., M\u00e9xico 1994 p\u00e1g.108 Coordinador: Federico Navarrete Linares. Adaptaci\u00f3n: Silvia Tuchman. Ilustrador: Felipe D\u00e1valos. Contaban los antiguos muiscas que antes de que existiera algo en este mundo, cuando la oscuridad llenaba todo como una eterna noche, s\u00f3lo exist\u00eda una gran cosa que no ten\u00eda<\/p>\n","protected":false},"author":4,"featured_media":0,"comment_status":"closed","ping_status":"open","sticky":false,"template":"","format":"standard","meta":{"footnotes":""},"categories":[51],"tags":[],"class_list":["post-626","post","type-post","status-publish","format-standard","hentry","category-poemas-y-cuentos-indigenas"],"_links":{"self":[{"href":"https:\/\/nasdat.com\/index.php?rest_route=\/wp\/v2\/posts\/626","targetHints":{"allow":["GET"]}}],"collection":[{"href":"https:\/\/nasdat.com\/index.php?rest_route=\/wp\/v2\/posts"}],"about":[{"href":"https:\/\/nasdat.com\/index.php?rest_route=\/wp\/v2\/types\/post"}],"author":[{"embeddable":true,"href":"https:\/\/nasdat.com\/index.php?rest_route=\/wp\/v2\/users\/4"}],"replies":[{"embeddable":true,"href":"https:\/\/nasdat.com\/index.php?rest_route=%2Fwp%2Fv2%2Fcomments&post=626"}],"version-history":[{"count":0,"href":"https:\/\/nasdat.com\/index.php?rest_route=\/wp\/v2\/posts\/626\/revisions"}],"wp:attachment":[{"href":"https:\/\/nasdat.com\/index.php?rest_route=%2Fwp%2Fv2%2Fmedia&parent=626"}],"wp:term":[{"taxonomy":"category","embeddable":true,"href":"https:\/\/nasdat.com\/index.php?rest_route=%2Fwp%2Fv2%2Fcategories&post=626"},{"taxonomy":"post_tag","embeddable":true,"href":"https:\/\/nasdat.com\/index.php?rest_route=%2Fwp%2Fv2%2Ftags&post=626"}],"curies":[{"name":"wp","href":"https:\/\/api.w.org\/{rel}","templated":true}]}}