{"id":45,"date":"2008-11-10T19:53:54","date_gmt":"2008-11-10T19:53:54","guid":{"rendered":"http:\/\/nasdat.com\/?p=45"},"modified":"2008-11-10T19:53:54","modified_gmt":"2008-11-10T19:53:54","slug":"el-agotamiento-de-ser-sensible","status":"publish","type":"post","link":"https:\/\/nasdat.com\/?p=45","title":{"rendered":"El agotamiento de ser sensible"},"content":{"rendered":"<p>Estoy cansado y agotado de tanta falencia, de tanto dolor, de toda la insensibilidad, de tanta irracionalidad. No de la tuya mi hermano, porque t\u00fa cargas el peso de tu propia cruz. Me sensibilizo con mis propias carencias y me encuentro cara a cara con la Verdad; su brillo es hermoso, blanco y profundo, su poder infinito traspasa toda raz\u00f3n, transforma lo intransformable, su calma todo lo convence, nos vac\u00eda y en esa luz convergen todas aquellas tonter\u00edas por las que siempre estamos discutiendo. No me puedo preocupar de tus errores mi hermano, lo siento; bastante tengo con los m\u00edos y al verme as\u00ed, tan imperfecto y d\u00e9bil no puedo arrojarte piedras.<br \/>\n\u00bfInsultarte para qu\u00e9?<br \/>\nOdiarte no hace m\u00e1s que agrandar mi peque\u00f1ez y aconsejarte ser\u00eda demasiado soberbio. Alimento mi ego cuando decido calificarte, clasificarte, descuartizarte; encuentro mis debilidades y temores cuando quiero ver las tuyas para sentirme fuerte.<br \/>\nYo le digo lo mismo al pobre que al rico: &#8220;cuenta conmigo&#8221;. Aqu\u00ed estoy mi peque\u00f1o, aqu\u00ed me tienes, soy tu compa\u00f1\u00eda, hagamos algo, construyamos algo, sumemos nuestras limitaciones para expandir los horizontes.<br \/>\nCuando decid\u00ed marginarte me margin\u00e9, cuando te vi pobre me empobrec\u00ed, cuando te di una limosna cre\u00ed que era muy generoso.<br \/>\nNo comprend\u00eda que mi coraz\u00f3n era tan culpable de las carencias humanas, no me ve\u00eda reflejado en tu mirada y te insult\u00e9, te di varias bofetadas para que salgas de tu ignorancia, me olvid\u00e9 de t\u00ed y me olvid\u00e9 de m\u00ed.<br \/>\nAhora lo comprendo, ahora lo siento, ahora me arrepiento. No te hagas m\u00e1s da\u00f1o tratando de comprender lo incomprensible, la raz\u00f3n s\u00f3lo puede percibir un pedazo de la Verdad. No sientas lo irascible, porque los sentimientos s\u00f3lo se regocijan en una de las formas. Tampoco uses la violencia, solamente produce m\u00e1s muerte y soledad. Un camino es ninguno, rec\u00f3rrelos todos, aprende de todos y vu\u00e9lvete todos; el tiempo es tuyo, aprov\u00e9chalo y no te atrapes en un constante segundo agotador.<br \/>\n&#8220;Salgan de las oficinas porque ah\u00ed no entra el sol, salgan de los uniformes porque ah\u00ed no entra la vida&#8221;. Acomp\u00e1\u00f1ame en mi andar, descalzo y solitario, lib\u00e9rate de lo que te ata y descubrir\u00e1s que no necesitabas tanto, alivia tu carga y avanzaras m\u00e1s. Lleguemos a la cima porque el paisaje es acogedor.<br \/>\nDejemos ya las palabras porque la Verdad no puede ser encarcelada, usemos la poes\u00eda de la sonrisa, los besos del amante apasionado, la mirada inocente del ni\u00f1o, la caricia del cantor. Agot\u00e9monos en la sensibilidad, en la racionalidad, dejemos hasta la \u00faltima gota de sudor, hasta la final exhalaci\u00f3n.<br \/>\nEn silencio mi hermano, en silencio. Hemos llegado. <\/p>\n","protected":false},"excerpt":{"rendered":"<p>Estoy cansado y agotado de tanta falencia, de tanto dolor, de toda la insensibilidad, de tanta irracionalidad. No de la tuya mi hermano, porque t\u00fa cargas el peso de tu propia cruz. Me sensibilizo con mis propias carencias y me encuentro cara a cara con la Verdad; su brillo es hermoso, blanco y profundo, su poder infinito traspasa toda raz\u00f3n,<\/p>\n","protected":false},"author":4,"featured_media":0,"comment_status":"closed","ping_status":"open","sticky":false,"template":"","format":"standard","meta":{"footnotes":""},"categories":[108],"tags":[],"class_list":["post-45","post","type-post","status-publish","format-standard","hentry","category-ser-conciencia"],"_links":{"self":[{"href":"https:\/\/nasdat.com\/index.php?rest_route=\/wp\/v2\/posts\/45","targetHints":{"allow":["GET"]}}],"collection":[{"href":"https:\/\/nasdat.com\/index.php?rest_route=\/wp\/v2\/posts"}],"about":[{"href":"https:\/\/nasdat.com\/index.php?rest_route=\/wp\/v2\/types\/post"}],"author":[{"embeddable":true,"href":"https:\/\/nasdat.com\/index.php?rest_route=\/wp\/v2\/users\/4"}],"replies":[{"embeddable":true,"href":"https:\/\/nasdat.com\/index.php?rest_route=%2Fwp%2Fv2%2Fcomments&post=45"}],"version-history":[{"count":0,"href":"https:\/\/nasdat.com\/index.php?rest_route=\/wp\/v2\/posts\/45\/revisions"}],"wp:attachment":[{"href":"https:\/\/nasdat.com\/index.php?rest_route=%2Fwp%2Fv2%2Fmedia&parent=45"}],"wp:term":[{"taxonomy":"category","embeddable":true,"href":"https:\/\/nasdat.com\/index.php?rest_route=%2Fwp%2Fv2%2Fcategories&post=45"},{"taxonomy":"post_tag","embeddable":true,"href":"https:\/\/nasdat.com\/index.php?rest_route=%2Fwp%2Fv2%2Ftags&post=45"}],"curies":[{"name":"wp","href":"https:\/\/api.w.org\/{rel}","templated":true}]}}