{"id":4280,"date":"2009-04-14T20:49:07","date_gmt":"2009-04-14T20:49:07","guid":{"rendered":"http:\/\/nasdat.com\/?p=4280"},"modified":"2009-04-14T20:49:07","modified_gmt":"2009-04-14T20:49:07","slug":"la-plaga-humana","status":"publish","type":"post","link":"https:\/\/nasdat.com\/?p=4280","title":{"rendered":"La plaga humana"},"content":{"rendered":"<p>OR\u00cdGENES \/\/ JOS\u00c9 MAR\u00cdA BERM\u00daDEZ DE CASTRO <\/p>\n<p>* Director del Centro Nacional de Investigaci\u00f3n sobre Evoluci\u00f3n Humana, Burgos.<\/p>\n<p>La llamada revoluci\u00f3n del Neol\u00edtico signific\u00f3 el comienzo de la producci\u00f3n controlada de los alimentos de origen animal (domesticaci\u00f3n) y vegetal (agricultura). Fue un paso muy importante y decisivo para el futuro de la humanidad. La mayor capacidad para obtener alimento permiti\u00f3 el crecimiento demogr\u00e1fico de las poblaciones, que dejaron atr\u00e1s la caza y la recolecci\u00f3n de productos silvestres. Las innovaciones tecnol\u00f3gicas se socializaron con gran rapidez gracias a la continuidad entre los individuos de grupos humanos numerosos y, muy pronto, abandonamos la prehistoria para entrar en el mundo moderno de las civilizaciones.<\/p>\n<p>Durante el Pleistoceno las diferentes especies de Homo convivieron en armon\u00eda ecol\u00f3gica con las dem\u00e1s especies de su ecosistema. Pero la llegada del Neol\u00edtico modific\u00f3 los par\u00e1metros demogr\u00e1ficos que regulaban el equilibrio de las poblaciones. A\u00fan as\u00ed, los problemas obst\u00e9tricos, las enfermedades y las duras condiciones de vida mantuvieron durante siglos la poblaci\u00f3n humana en n\u00fameros razonables. Pero los avances cient\u00edficos del siglo XX han permitido un crecimiento exponencial de la poblaci\u00f3n del planeta hasta unos l\u00edmites que encajan perfectamente en el concepto de plaga.<\/p>\n<p>En determinadas condiciones ecol\u00f3gicas, ciertas especies experimentan un crecimiento demogr\u00e1fico exponencial incontrolado. Obviamente, los individuos de estas plagas deben obtener alimento para sobrevivir, y en muy poco tiempo acaban con sus fuentes de energ\u00eda. La poblaci\u00f3n se reduce hasta lograr de nuevo el equilibrio. Lo queramos o no, \u00e9ste es nuestro modelo actual. Que nadie se rasgue las vestiduras. La avidez de los intereses econ\u00f3micos es un claro s\u00edntoma de nuestra incapacidad para regular los excesos en el consumo de las fuentes que sostienen el modelo desarrollado.<\/p>\n<p>Claro que no somos insectos o algas marinas, sino una especie de primate muy inteligente con gran capacidad de respuesta. Pero el planeta tiene sus l\u00edmites y nuestro modelo actual se agota con gran rapidez. El crecimiento demogr\u00e1fico no podr\u00e1 proseguir de manera indefinida. En mi opini\u00f3n, los s\u00edntomas actuales no representan una crisis pasajera a nivel global que remontaremos en pocos meses, sino el comienzo de un cambio de modelo que se producir\u00e1 en el siglo XXI. La complejidad de este cambio requiere un an\u00e1lisis profundo, pero los par\u00e1metros fundamentales son su duraci\u00f3n y su coste. La ciencia y la tecnolog\u00eda tienen que dar una respuesta muy r\u00e1pida para que los efectos del cambio no sean perjudiciales o letales para una parte importante de la poblaci\u00f3n. Nos encontramos en una encrucijada muy dif\u00edcil que los pol\u00edticos ser\u00e1n incapaces de gestionar sin la estrecha colaboraci\u00f3n con la ciencia.<\/p>\n","protected":false},"excerpt":{"rendered":"<p>OR\u00cdGENES \/\/ JOS\u00c9 MAR\u00cdA BERM\u00daDEZ DE CASTRO * Director del Centro Nacional de Investigaci\u00f3n sobre Evoluci\u00f3n Humana, Burgos. La llamada revoluci\u00f3n del Neol\u00edtico signific\u00f3 el comienzo de la producci\u00f3n controlada de los alimentos de origen animal (domesticaci\u00f3n) y vegetal (agricultura). Fue un paso muy importante y decisivo para el futuro de la humanidad. La mayor capacidad para obtener alimento permiti\u00f3<\/p>\n","protected":false},"author":4,"featured_media":0,"comment_status":"closed","ping_status":"open","sticky":false,"template":"","format":"standard","meta":{"footnotes":""},"categories":[222],"tags":[],"class_list":["post-4280","post","type-post","status-publish","format-standard","hentry","category-el-rincon-del-vago-y-el-delirio"],"_links":{"self":[{"href":"https:\/\/nasdat.com\/index.php?rest_route=\/wp\/v2\/posts\/4280","targetHints":{"allow":["GET"]}}],"collection":[{"href":"https:\/\/nasdat.com\/index.php?rest_route=\/wp\/v2\/posts"}],"about":[{"href":"https:\/\/nasdat.com\/index.php?rest_route=\/wp\/v2\/types\/post"}],"author":[{"embeddable":true,"href":"https:\/\/nasdat.com\/index.php?rest_route=\/wp\/v2\/users\/4"}],"replies":[{"embeddable":true,"href":"https:\/\/nasdat.com\/index.php?rest_route=%2Fwp%2Fv2%2Fcomments&post=4280"}],"version-history":[{"count":0,"href":"https:\/\/nasdat.com\/index.php?rest_route=\/wp\/v2\/posts\/4280\/revisions"}],"wp:attachment":[{"href":"https:\/\/nasdat.com\/index.php?rest_route=%2Fwp%2Fv2%2Fmedia&parent=4280"}],"wp:term":[{"taxonomy":"category","embeddable":true,"href":"https:\/\/nasdat.com\/index.php?rest_route=%2Fwp%2Fv2%2Fcategories&post=4280"},{"taxonomy":"post_tag","embeddable":true,"href":"https:\/\/nasdat.com\/index.php?rest_route=%2Fwp%2Fv2%2Ftags&post=4280"}],"curies":[{"name":"wp","href":"https:\/\/api.w.org\/{rel}","templated":true}]}}