{"id":4053,"date":"2009-05-13T15:13:02","date_gmt":"2009-05-13T15:13:02","guid":{"rendered":"http:\/\/nasdat.com\/?p=4053"},"modified":"2009-05-13T15:13:02","modified_gmt":"2009-05-13T15:13:02","slug":"nuestra-cultura-ind\u00edgena-por-fernando-trejos","status":"publish","type":"post","link":"https:\/\/nasdat.com\/?p=4053","title":{"rendered":"Nuestra cultura ind\u00edgena, Por Fernando Trejos"},"content":{"rendered":"<p>Cre\u00edamos que se iba a aprovechar la conmemoraci\u00f3n del quinto centenario de la llegada de los espa\u00f1oles a Am\u00e9rica para reivindicar la grandeza de nuestros pueblos abor\u00edgenes. Pero no. Durante el a\u00f1o hemos tenido que escuchar y leer en la prensa variados comentarios que tienden a rebajar \u0096y hasta a negar\u0096 la cultura ind\u00edgena costarricense, exaltando exclusivamente la influencia espa\u00f1ola e ignorando lo m\u00e1s significativo de esta celebraci\u00f3n: la realidad de que en nuestro pa\u00eds tambi\u00e9n hab\u00eda \u0096y hay\u0096 una elevada tradici\u00f3n que milagrosamente se ha mantenido intacta a trav\u00e9s de los siglos y que permanece viva a pesar de los ingentes esfuerzos que blancos y mestizos han realizado por destruirla. <\/p>\n<p>Estos comentarios, que tratan de minimizar la importancia de la cultura ind\u00edgena, y que en algunos casos hasta han llegado a pretender negarla, desnudan una actitud de muchos costarricenses que pone en evidencia una abismal ignorancia de nuestra historia y un est\u00fapido y mediocre orgullo de &#8220;no ser indios&#8221;, que se expresa en una especie de verg\u00fcenza observada en muchas familias nuestras, que se envanecen si la piel es m\u00e1s blanca y que esconden tontamente los or\u00edgenes ind\u00edgenas que nadie medianamente enterado podr\u00eda atreverse a negar. <\/p>\n<p>Si bien es cierto que la proporci\u00f3n de sangre india en nuestro pa\u00eds es menor que en muchas tierras latinoamericanas, la inmensa mayor\u00eda de los costarricenses descendemos \u0096nos guste o no\u0096 de ind\u00edgenas. Muchos de los alimentos principales que ingerimos, y cantidad de palabras que hemos incorporado a nuestro idioma, tienen origen precolombino. Las m\u00e1s sanas y bellas costumbres y leyendas que tenemos las debemos a los indios. Y si pudi\u00e9ramos comprender y amar nuestros or\u00edgenes estar\u00edamos orgullosos de provenir de tan noble estirpe. <\/p>\n<p>En nuestro pa\u00eds hay hombres de conocimiento (m\u00e9dicos-sacerdotes), depositarios, como tantos venerables ancianos ind\u00edgenas que se encuentran diseminados a\u00fan a lo largo y ancho de toda Am\u00e9rica, de antiguas tradiciones y secretos que se gestaron y transmitieron en esta bendita tierra que ellos han habitado desde hace miles de a\u00f1os; herederos de profundos conocimientos de la medicina, de la naturaleza y de lo sobrenatural, y, sobre todo, vivos exponentes de una espiritualidad verdadera que siempre han transmitido, con amor desbordante, a quienes les respetan y abren su mente y su coraz\u00f3n permitiendo que esa sabidur\u00eda e influjo espiritual penetre. <\/p>\n<p>Al o\u00edr y leer esos pobres comentarios, que siempre se afanan en tratar al indio de ignorante, me ha parecido escuchar la voz de los ancestros que gritan, no sin iron\u00eda, ni sin tristeza: &#8220;Han pretendido negar a nuestro Dios; han llamado demonios a nuestros esp\u00edritus intermediarios; han querido borrar nuestra historia; han menospreciado nuestro arte maravilloso; se han burlado de nuestra ejemplar mitolog\u00eda; no han podido comprender la fuerza de nuestros ritos ni la grandeza de nuestro esp\u00edritu. Pero \u00bfpodr\u00e1n adem\u00e1s seguir llam\u00e1ndonos impunemente ignorantes, y hasta negar nuestra existencia? Pero la propia presencia de estos sabios me ha dado la respuesta: &#8220;No. Aqu\u00ed estamos; somos los verdaderos habitantes de esta tierra; desde siempre hemos pertenecido a ella; observamos con estupor c\u00f3mo la han mancillado destruy\u00e9ndola y contamin\u00e1ndola; somos nosotros quienes nos preocupamos por nuestra Madre: la cuidamos, sufrimos sus sufrimientos, la amamos&#8221;. <\/p>\n<p>Los pueblos ind\u00edgenas tienen mucho que ense\u00f1ar a los hombres modernos. Quienes hayan tenido el privilegio de conocer poblados abor\u00edgenes que se mantengan al margen de la contaminaci\u00f3n de los &#8220;progresos&#8221; de los &#8220;blancos&#8221;, habr\u00e1n observado, como lo hicimos nosotros en muchos lugares, que la mayor\u00eda de los ind\u00edgenas son seres que se encuentran en un estado de virginidad envidiable; que se respetan los unos a los otros de una manera que no es posible ver ya en nuestras odiosas ciudades modernas; que son hombres humildes, pero con una dignidad que ya no existe &#8220;ni en las mejores familias&#8221; de estas sociedades decadentes; y que son seres humanos verdaderos, que comparten con su pr\u00f3jimo sus alegr\u00edas, sus tristezas y sus pocos haberes materiales. <\/p>\n<p>Y quienes se tomen la molestia de leer los estudios serios \u0096y abundant\u00edsimos\u0096 que por casi cinco siglos han realizado acerca de las culturas precolombinas frailes y cronistas conscientes, y antrop\u00f3logos e investigadores sinceros, podr\u00e1n comprobar que nuestros antepasados no tienen nada que envidiar a las m\u00e1s altas culturas y tradiciones de la tierra. <\/p>\n<p>En todos los pueblos hay hombres sabios y necios, inteligentes y tontos, buenos y malvados; y no pretendemos que todos los indios sean perfectos. Pero hay verdades hist\u00f3ricas que no podemos soslayar. La Espa\u00f1a que lleg\u00f3 a Am\u00e9rica no fue la Espa\u00f1a de San Fernando y Alfonso X el Sabio. No fue tampoco la Espa\u00f1a tolerante en la que convivieron en armon\u00eda hombres de conocimiento de or\u00edgenes jud\u00edo, cristiano e isl\u00e1mico. Si Am\u00e9rica hubiera sido &#8220;descubierta&#8221; por aquellos sabios espa\u00f1oles \u00e9stos habr\u00edan reconocido en las culturas ind\u00edgenas su elevada espiritualidad, su riqueza art\u00edstica, arquitect\u00f3nica e hist\u00f3rica, su profundidad filos\u00f3fica y su pericia en las distintas ramas del saber. Los &#8220;conquistadores&#8221; y comentaristas m\u00e1s sensibles, como Sahag\u00fan, Las Casas, Dur\u00e1n y tantos otros, dan testimonio de la grandeza de las civilizaciones abor\u00edgenes. En Costa Rica, autores preclaros como Doris Stone, Carlos Aguilar, Luis Ferrero, Mar\u00eda E. Bozzolli, y muchos otros historiadores, antrop\u00f3logos y estudiosos del tema, han constatado que tambi\u00e9n en esta tierra hab\u00eda \u0096y hay\u0096 grandes sabios y santos ind\u00edgenas. <\/p>\n<p>Pero desgraciadamente la inmensa mayor\u00eda de los espa\u00f1oles que invadieron estas tierras fue ignorante y ambiciosa, dogm\u00e1tica e inquisidora, cargada de odios y prejuicios que desgraciadamente todav\u00eda hoy prevalecen. Para justificar los saqueos y violaciones, robos y esclavizaciones, tildaron a los indios de ignorantes y salvajes y se dedicaron a destruir la cultura y a mal informar. <\/p>\n<p>Hemos celebrado el quinto centenario de la raza mestiza, y este a\u00f1o ha sido declarado &#8220;de los pueblos ind\u00edgenas&#8221;, lo que nos da la bella oportunidad de recordar nuestros verdaderos or\u00edgenes. Pero vemos tambi\u00e9n, desgraciadamente, con gran dolor, c\u00f3mo todav\u00eda hay personas que se dicen cultas que mantienen esa mentalidad inquisidora e ignorante, y que como verdaderos fariseos no pueden ocultar el odio que han heredado hacia los antiguos y verdaderos habitantes de esta tierra. <\/p>\n<p>Dichosamente, aqu\u00ed est\u00e1, todav\u00eda viva, la cultura bribr\u00ed y cab\u00e9car. Aqu\u00ed siempre ha vivido Sib\u00fa. Aqu\u00ed est\u00e1n los chorotegas, huetares y borucas. Y aqu\u00ed estamos nosotros, los mestizos que, sin renegar en modo alguno de nuestros or\u00edgenes europeos, s\u00ed nos sentimos orgullosos de que corra por nuestras venas sangre ind\u00edgena, y respetamos y amamos a nuestros antepasados abor\u00edgenes y a su cultura, y a los tantos hombres que siguen siendo hoy, a pesar del desprecio y la incomprensi\u00f3n, testimonio vivo de que Costa Rica tiene \u0096aunque la mayor\u00eda de los costarricenses no lo sepa\u0096 una tradici\u00f3n verdadera, heredera de la Tradici\u00f3n Primordial, profundamente india, cargada de ense\u00f1anzas y energ\u00edas espirituales que permitir\u00e1n que en esta tierra m\u00e1gica alg\u00fan d\u00eda vuelvan a florecer el esp\u00edritu, la aut\u00e9ntica paz y el amor. <\/p>\n","protected":false},"excerpt":{"rendered":"<p>Cre\u00edamos que se iba a aprovechar la conmemoraci\u00f3n del quinto centenario de la llegada de los espa\u00f1oles a Am\u00e9rica para reivindicar la grandeza de nuestros pueblos abor\u00edgenes. Pero no. Durante el a\u00f1o hemos tenido que escuchar y leer en la prensa variados comentarios que tienden a rebajar \u0096y hasta a negar\u0096 la cultura ind\u00edgena costarricense, exaltando exclusivamente la influencia espa\u00f1ola<\/p>\n","protected":false},"author":4,"featured_media":0,"comment_status":"closed","ping_status":"open","sticky":false,"template":"","format":"standard","meta":{"footnotes":""},"categories":[93,251],"tags":[],"class_list":["post-4053","post","type-post","status-publish","format-standard","hentry","category-mexicanidad","category-temas-destacados"],"_links":{"self":[{"href":"https:\/\/nasdat.com\/index.php?rest_route=\/wp\/v2\/posts\/4053","targetHints":{"allow":["GET"]}}],"collection":[{"href":"https:\/\/nasdat.com\/index.php?rest_route=\/wp\/v2\/posts"}],"about":[{"href":"https:\/\/nasdat.com\/index.php?rest_route=\/wp\/v2\/types\/post"}],"author":[{"embeddable":true,"href":"https:\/\/nasdat.com\/index.php?rest_route=\/wp\/v2\/users\/4"}],"replies":[{"embeddable":true,"href":"https:\/\/nasdat.com\/index.php?rest_route=%2Fwp%2Fv2%2Fcomments&post=4053"}],"version-history":[{"count":0,"href":"https:\/\/nasdat.com\/index.php?rest_route=\/wp\/v2\/posts\/4053\/revisions"}],"wp:attachment":[{"href":"https:\/\/nasdat.com\/index.php?rest_route=%2Fwp%2Fv2%2Fmedia&parent=4053"}],"wp:term":[{"taxonomy":"category","embeddable":true,"href":"https:\/\/nasdat.com\/index.php?rest_route=%2Fwp%2Fv2%2Fcategories&post=4053"},{"taxonomy":"post_tag","embeddable":true,"href":"https:\/\/nasdat.com\/index.php?rest_route=%2Fwp%2Fv2%2Ftags&post=4053"}],"curies":[{"name":"wp","href":"https:\/\/api.w.org\/{rel}","templated":true}]}}