{"id":4032,"date":"2009-05-09T23:27:37","date_gmt":"2009-05-09T23:27:37","guid":{"rendered":"http:\/\/nasdat.com\/?p=4032"},"modified":"2009-05-09T23:27:37","modified_gmt":"2009-05-09T23:27:37","slug":"rivendel","status":"publish","type":"post","link":"https:\/\/nasdat.com\/?p=4032","title":{"rendered":"Rivendel"},"content":{"rendered":"<p> En el a\u00f1o 1697 de la Segunda Edad, tras la Guerra de Sauron y los elfos, Elrond el Medio Elfo pudo huir junto a otros elfos y fundar Rivendel, un lugar hechizado con magia \u00e9lfica e inalcanzable a la mano oscura de Sauron. Mientras que casi todo el reino de los Herreros elfos hab\u00eda sido destruido, los Altos elfos que hab\u00edan sobrevivido pudieron construir el refugio de Rivendel en el aislado y escarpado valle de Imladris en la Tierra Media, en la parte oriental de Eriador, a los pies de las Monta\u00f1as Nubladas, entre los r\u00edos Fontegr\u00eds y Sonorona. Rivendel fue el reino de Elrond el Medio Elfo, casado con Celebr\u00edan y padre de la bella Arwen. All\u00ed se ocultaba su hogar, la Gran Casa de Elrond considerada como &#8220;la \u00faltima casa acogedora al este del mar&#8221;. Era un lugar donde se respiraba sabidur\u00eda y fue refugio para seres de buena voluntad como Bilbo Bols\u00f3n, Gandalf el Mago y Aragorn. La casa de Elrond y el valle de Imladris estaban protegidos por encantamientos \u00e9lficos que hac\u00edan que los r\u00edos se alzaran y rechazaran a cualquier invasor. En la Tercera Edad del Sol, se convoc\u00f3 el Concilio de Elrond en Rivendel. En el Concilio se decidieron asuntos que condicionar\u00edan la historia de la Tierra Media y all\u00ed se cre\u00f3 la Comunidad del Anillocuyo objetivo ser\u00eda destruir el Anillo \u00danico&#8230; <\/p>\n","protected":false},"excerpt":{"rendered":"<p>En el a\u00f1o 1697 de la Segunda Edad, tras la Guerra de Sauron y los elfos, Elrond el Medio Elfo pudo huir junto a otros elfos y fundar Rivendel, un lugar hechizado con magia \u00e9lfica e inalcanzable a la mano oscura de Sauron. Mientras que casi todo el reino de los Herreros elfos hab\u00eda sido destruido, los Altos elfos que<\/p>\n","protected":false},"author":4,"featured_media":0,"comment_status":"closed","ping_status":"open","sticky":false,"template":"","format":"standard","meta":{"footnotes":""},"categories":[195],"tags":[],"class_list":["post-4032","post","type-post","status-publish","format-standard","hentry","category-lugares"],"_links":{"self":[{"href":"https:\/\/nasdat.com\/index.php?rest_route=\/wp\/v2\/posts\/4032","targetHints":{"allow":["GET"]}}],"collection":[{"href":"https:\/\/nasdat.com\/index.php?rest_route=\/wp\/v2\/posts"}],"about":[{"href":"https:\/\/nasdat.com\/index.php?rest_route=\/wp\/v2\/types\/post"}],"author":[{"embeddable":true,"href":"https:\/\/nasdat.com\/index.php?rest_route=\/wp\/v2\/users\/4"}],"replies":[{"embeddable":true,"href":"https:\/\/nasdat.com\/index.php?rest_route=%2Fwp%2Fv2%2Fcomments&post=4032"}],"version-history":[{"count":0,"href":"https:\/\/nasdat.com\/index.php?rest_route=\/wp\/v2\/posts\/4032\/revisions"}],"wp:attachment":[{"href":"https:\/\/nasdat.com\/index.php?rest_route=%2Fwp%2Fv2%2Fmedia&parent=4032"}],"wp:term":[{"taxonomy":"category","embeddable":true,"href":"https:\/\/nasdat.com\/index.php?rest_route=%2Fwp%2Fv2%2Fcategories&post=4032"},{"taxonomy":"post_tag","embeddable":true,"href":"https:\/\/nasdat.com\/index.php?rest_route=%2Fwp%2Fv2%2Ftags&post=4032"}],"curies":[{"name":"wp","href":"https:\/\/api.w.org\/{rel}","templated":true}]}}