{"id":4029,"date":"2009-05-09T23:25:31","date_gmt":"2009-05-09T23:25:31","guid":{"rendered":"http:\/\/nasdat.com\/?p=4029"},"modified":"2009-05-09T23:25:31","modified_gmt":"2009-05-09T23:25:31","slug":"tierras-imperecederas","status":"publish","type":"post","link":"https:\/\/nasdat.com\/?p=4029","title":{"rendered":"Tierras imperecederas"},"content":{"rendered":"<p>El gran continente de Aman, en el extremo occidental de Arda, recib\u00eda m\u00e1s a menudo el nombre de Tierras Imperecederas. En ellas viv\u00edan los inmortales Valar, Maiar y eldar. Las Tierras Imperecederas se compon\u00edan b\u00e1sicamente de dos reinos: Valinor, hogar de los ainur (Valar y Maiar), y Eldamar, el hogar de los elfos eldar (vanyar, noldor y teleri). Tras el Cambio del Mundo, al llegar la Tercera Edad del Sol, las Tierras Imperecederas fueron llevadas m\u00e1s all\u00e1 de las Esferas del Mundo, a un lugar que escapa a la comprensi\u00f3n de los mortales. A partir de entonces, s\u00f3lo podr\u00eda llegarse a ellas navegando en los m\u00e1gicos barcos blancos de los elfos, siguiendo el Camino Recto que llevaba m\u00e1s all\u00e1 de las Esferas del Mundo, el unico medio de llegar a estas tierras eran los puertos grises, por lo que cada elfo, cuando abandonaba la tierra media, montaba en un varco en valinor, y se dirigian all\u00ed&#8230; En la formacion de las tierras impedecederas existen diversas edades, a saber: <\/p>\n<p>Valar <\/p>\n<p>Cuando E\u00e4, el \u00abMundo que es\u00bb, tom\u00f3 forma, entraron en \u00e9l algunos miembros de la primera raza, los Ainur o \u00absantos\u00bb. En los Palacios Intemporales hab\u00edan sido seres en esp\u00edritu puro que llegaron al mundo y, tomando forma terrena, quedaron divididos en dos grupos. Los menos poderosos eran los Maiar; los grandes poderes eran quince y fueron los Valar, los Poderes de Arda. Los Valar y Maiar moldearon la forma tosca del mundo, pero en ello surgi\u00f3 el conflicto entre los Valar y la guerra estrope\u00f3 su obra. Pero por fin se cre\u00f3 el primer reino de los Valar, llamado Almaren, en una isla que estaba en el centro de un lago enorme en la Tierra Media, y todo el mundo estaba iluminado por dos brillantes L\u00e1mparas que se alzaban en el norte y en el sur. Pero uno de los Valar se rebel\u00f3 y destroz\u00f3 las Grandes L\u00e1mparas de los Valar y destruy\u00f3 Almaren y sus hermosos jardines. Entonces los Valar abandonaron la Tierra Media y se dirigieron al oeste, al continente de Aman, donde establecieron su segundo reino de jardines y palacios, a\u00fan m\u00e1s hermoso que el primero. Este reino se llam\u00f3 Valinor, y su ciudad de c\u00fapulas, campanas y grandes palacios fue llamada Valimar. En esa \u00e9poca, los \u00c1rboles de los Valar daban Luz Eterna, dorada y plateada, a todo Aman. El primero de los Valar es Manw\u00eb, quien vive en Taniquetil, la monta\u00f1a m\u00e1s alta de Arda. Es el Se\u00f1or del Viento y el Primer Rey. Toda Arda es su dominio, pero su principal amor es el elemento del aire, y por ello se lo llama S\u00falimo, \u00abSe\u00f1or del aliento de Arda\u00bb. Est\u00e1 sentado en un trono bru\u00f1ido, vestido con ropajes azul celeste, con un cetro de zafiro en la mano. Los ojos de Manw\u00eb tambi\u00e9n parecen de zafiro, pero m\u00e1s brillantes, y tan temibles como un rel\u00e1mpago. Manw\u00eb contempla todo el mundo bajo el cielo. Dentro de las estancias abovedadas de Ilmarin, la \u00abmansi\u00f3n de los altos aires\u00bb que Manw\u00eb edific\u00f3 sobre Taniquetil, tambi\u00e9n reside la reina de los Valar. Es Varda, la Se\u00f1ora de las Estrellas, la m\u00e1s hermosa de los Valar, porque en ella resplandece todav\u00eda la luz de Il\u00favatar. Fue Varda quien hizo las estrellas, y por eso los elfos la llaman Elent\u00e1ri y Elbereth, la \u00abReina de las Estrellas\u00bb. Los elfos aman a Varda m\u00e1s que a nadie, porque fueron sus estrellas las que los llamaron al mundo y parte de su primera luz ha quedado en los ojos de los elfos para siempre. Por este hecho los elfos la cantan en poemas y canciones y la llaman Tintall\u00eb y Gilthoniel, la \u00abIluminadora\u00bb. El siguiente de los Valar es Ulmo, cuyo elemento es el agua. Es el Se\u00f1or del Oc\u00e9ano, a quien conocen todos los marineros, y a quien temen orcos y enanos. Casi siempre adopta un aspecto enorme y sin forma en su profundo mundo acu\u00e1tico; pero cuando se alza es como una enorme ola que fuera a romper en la orilla; su yelmo tiene un penacho de olas y su cota de malla es de esmeralda y reluciente plata. Se lleva a los labios las ulum\u00fari, las blancas caracolas, y sopla profunda y fuertemente. Pero su aspecto no siempre es aterrador, porque su poder alcanza a todas las formas de agua, desde las lluvias de primavera y los manantiales hasta el correr de torrentes y arroyos, los sinuosos cursos de los r\u00edos y el rugido de las mareas mar\u00edtimas. Yavanna es la nutridora del mundo, porque su nombre significa \u00abDadora de Frutos\u00bb; tambi\u00e9n es Kement\u00e1ri, \u00abReina de la Tierra\u00bb. Adopta muchas formas, pero con mayor frecuencia se presenta alta como el m\u00e1s elegante de los cipreses, vestida de verde e iluminada por un roc\u00edo dorado. Todos los que aman los frutos de la tierra aman a Yavanna. Ella es la fuerza que hace surgir la flor del tallo verde, y las primeras semillas de todos los olvar fueron concebidas y plantadas por ella. Aul\u00eb el Herrero es el esposo de Yavanna, con quien comparte el elemento de tierra, pero de manera m\u00e1s profunda. Es el Hacedor de Monta\u00f1as, se\u00f1or de todas las artesan\u00edas, creador de metales y piedras preciosas. Los enanos lo llaman Mahal, el \u00abHacedor\u00bb, porque \u00e9l es el poder que dio forma a este pueblo a partir de la tierra y de la piedra. Fue Aul\u00eb quien forj\u00f3 las L\u00e1mparas de los Valar y los recipientes que conten\u00edan la luz del Sol y la Luna. M\u00e1s profundas que las mansiones de Aul\u00eb son las Estancias de Mandos, que se encuentran en la orilla occidental donde las olas de Ekkaia, el Mar Circundante, rompen contra las Tierras Imperecederas. Es \u00e9sta la Mansi\u00f3n de los Muertos, donde habita el Vala N\u00e1mo, a quien todos llaman Mandos a causa de su mansi\u00f3n, el Portavoz del Destino. <\/p>\n<p>Cerca de Mandos, en la orilla occidental de Valinor, habita su hermana Nienna, la Pla\u00f1idera. Es la mujer envuelta en capa de luto, pero no es la Desesperaci\u00f3n, aunque la Pena sea su dominio; las l\u00e1grimas le caen sin cesar y su casa mira a las Murallas de la Noche. En realidad es la Tristeza y el Sufrimiento que traen la sabidur\u00eda y la resistencia m\u00e1s all\u00e1 de toda esperanza; del agua de sus l\u00e1grimas nacen muchas cosas totalmente inesperadas, pero que en numerosas ocasiones son las que sostienen la vida misma. En las regiones meridionales de Valinor se encuentran los hermosos bosques de Orom\u00eb, donde vive Orom\u00eb, el Domador de Animales y el Cazador. Todas las naciones de jinetes lo aman, igual que aquellos que viven de la caza y los pastores y habitantes de los bosques. \u00c9stos son los ocho Valar, llamados los Aratar, los principales poderes que moran en las Esferas del Mundo. Pero hay otros seis Valar, y uno m\u00e1s que se dedic\u00f3 al mal y que se cita el \u00faltimo de todos. Quienes desean una juventud eterna adoran a V\u00e1na, esposa de Orom\u00eb y hermana menor de Yavanna. Su nombre es V\u00e1na la Siempre Joven, tiene jardines de flores doradas y sus principales satisfacciones son el canto de los p\u00e1jaros y el florecimiento de las flores. Nessa la Bailarina es la siguiente; es la hermana de Orom\u00eb. Ama a las ligeras criaturas del bosque, que acuden a ella, porque ella misma es un esp\u00edritu salvaje que danza incesantemente en las praderas verdes que nunca se agostan de Valinor. El marido de Nessa es Tulkas el Fuerte, quien fue el \u00faltimo Vala en entrar en Arda. Tambi\u00e9n se lo llama el Luchador y Astaldo, el \u00abvaliente\u00bb. Es el m\u00e1s fuerte de todos los Valar, r\u00e1pido e infatigable, de cabellos y barba dorados; ni siquiera en la guerra lleva armas porque su pura fuerza y su gran coraz\u00f3n derrotan a todos sus enemigos. El hermano de Mandos es L\u00f3rien, el Se\u00f1or de los Sue\u00f1os. Al igual que Mandos, L\u00f3rien recibe este nombre por el de su morada, porque L\u00f3rien es el jard\u00edn m\u00e1s hermoso de Arda. Su nombre verdadero es Irmo, pero para todos es L\u00f3rien, Rey de los Sue\u00f1os y las Visiones. Dentro de los jardines de L\u00f3rien se encuentra el lago de L\u00f3rellin, en el que hay una isla llena de \u00e1rboles altos y suaves nieblas. Aqu\u00ed mora Est\u00eb la Curadora, la Gentil. Su manto es gris, y siempre otorga descanso. Todos la ensalzan, pero sus dones son m\u00e1s deseados por aquellos que m\u00e1s sufren. La Vala de nombre Vair\u00eb es la esposa de Mandos, y se la llama la Tejedora. En los palacios de su marido teje incansablemente en un telar los tapices de la historia y el destino mucho antes de que los sucesos ocurran en el curso del Tiempo. El \u00faltimo de los Valar es aquel que en un principio era el m\u00e1s poderoso de los Ainur. Su nombre era Melkor, \u00abAquel que sobresale en poder\u00bb. En parte pose\u00eda los poderes de todos los Valar, pero su principal dominio resid\u00eda en el fr\u00edo y la oscuridad. Construy\u00f3 su fortaleza, Utumno, y su arsenal, Angband, en las profundas ra\u00edces de las monta\u00f1as de la Tierra Media. En Arda declar\u00f3 cinco grandes guerras contra los Valar y extingui\u00f3 las luces del mundo al destruir las Grandes L\u00e1mparas y los \u00c1rboles de los Valar. Los elfos lo llamaron Morgoth, el \u00abEnemigo Oscuro del mundo\u00bb. Este rey guerrero era como una gran torre, coronado de hierro, con armadura y escudo negros, enorme y sin adornos. Su aspecto era maligno, porque en sus ojos ard\u00eda la malicia y su rostro estaba deformado por la rabia y marcado de heridas. Pero en la Guerra de la Ira fueron destruidos todos sus poderes. Fue el \u00fanico Vala expulsado de las Esferas del Mundo y ahora mora para siempre en el Vac\u00edo. <\/p>\n<p>La Creaci\u00f3n de ArdaValar <\/p>\n<p>Seg\u00fan el \u00abAinulindal\u00eb\u00bb, el primer libro de El Silmarillion, cuando no hab\u00eda m\u00e1s que oscuridad y un gran Vac\u00edo, exist\u00eda un Ser omnisciente que viv\u00eda solo en la nada. Se llamaba Eru el \u00danico o, como lo llamar\u00edan despu\u00e9s los elfos, Il\u00favatar. \u00c9ste era el Ser que para Tolkien ser\u00eda el origen de toda creaci\u00f3n. A lo largo del \u00abAinulindal\u00eb\u00bb Tolkien nos cuenta c\u00f3mo los pensamientos elementales de Il\u00favatar se convirtieron en una raza de dioses, llamados los Ainur (los \u00absantos\u00bb) y c\u00f3mo mediante el poder de Su esp\u00edritu -la \u00abLlama Imperecedera\u00bb- Il\u00favatar otorg\u00f3 a los Ainur la vida eterna. Para esta raza de dioses, Il\u00favatar cre\u00f3 una morada en el Vac\u00edo, que recibi\u00f3 el nombre de Palacios Intemporales. Aqu\u00ed, Il\u00favatar ense\u00f1\u00f3 a los Ainur a cantar, y \u00e9stos se convirtieron en un enorme coro celestial. De la m\u00fasica de estos esp\u00edritus divinos surgi\u00f3 una sagrada Visi\u00f3n que era un mundo esf\u00e9rico que giraba en el Vac\u00edo. Arda, el mundo de Tolkien, literalmente surgi\u00f3 del canto, y cada miembro de la hueste celestial tuvo una parte en su concepci\u00f3n, incluso el poderoso esp\u00edritu sat\u00e1nico llamado Melkor, quien cantaba sobre la lucha y la discordia. Sin embargo, la M\u00fasica de los Ainur no hab\u00eda creado m\u00e1s que una Visi\u00f3n; hizo falta la palabra y la orden de Il\u00favatar (y el poder de la Llama Imperecedera) para crear E\u00e4, el Mundo que es. De esta forma se le dio a la Visi\u00f3n sustancia y realidad. Y a ese mundo descendieron aquellos de los Ainur que m\u00e1s hab\u00edan tomado parte en su concepci\u00f3n y que deseaban participar a\u00fan m\u00e1s en su formaci\u00f3n. As\u00ed relataba Tolkien la creaci\u00f3n de su planeta, al que llam\u00f3 Arda. Su concepci\u00f3n es a la vez extra\u00f1amente et\u00e9rea y vastamente oper\u00edstica. Adem\u00e1s, es una especie de doble creaci\u00f3n, porque, cuando los Ainur llegaron a Arda, encontraron que ellos ten\u00edan que darle forma. La M\u00fasica y la Visi\u00f3n no eran m\u00e1s que grandes temas generales y profec\u00edas de lo que hab\u00eda de venir. Darle forma y crear su historia resultaron tareas mucho m\u00e1s dif\u00edciles. Tolkien nos dice que la mayor\u00eda de los Ainur permanecieron con Il\u00favatar en los Palacios Intemporales, pero no vuelve a referirse a ellos. Sus historias tratan solamente de aquellos que entraron en las Esferas del Mundo. Aqu\u00ed, estos esp\u00edritus divinos y sin cuerpo adoptaron manifestaciones de \u00edndole m\u00e1s f\u00edsica. Se convirtieron en los elementos y poderes de la naturaleza, pero, al igual que los dioses n\u00f3rdicos o griegos, pose\u00edan una forma f\u00edsica, una personalidad, un g\u00e9nero y estaban emparentados los unos con los otros. Los Ainur que entraron en Arda se dividen en dos \u00f3rdenes: los Valar y los Maiar; los dioses y semidioses. Los Valar eran quince: Manw\u00eb, Rey de los Vientos; Varda, Reina de las Estrellas; Ulmo, Se\u00f1or del Oc\u00e9ano; Nienna, la Pla\u00f1idera; Aul\u00eb, el Herrero; Yavanna, Dadora de Frutos; Orom\u00eb, Se\u00f1or de los Bosques; V\u00e1na, la Joven; Mandos, Guardi\u00e1n de los Muertos; Vair\u00eb, la Tejedora; L\u00f3rien, Se\u00f1or de los Sue\u00f1os; Est\u00eb, la Curadora; Tulkas, el Fuerte; Nessa, la Bailarina, y Melkor, a quien m\u00e1s tarde se dar\u00eda el nombre de Morgoth, el Enemigo Oscuro. Los Maiar eran multitud, pero s\u00f3lo unos cuantos de estos inmortales aparecen nombrados en las cr\u00f3nicas de Tolkien: E\u00f6nw\u00eb, Heraldo de Manw\u00eb; Ilmar\u00eb, Doncella de Varda; Oss\u00eb de las Olas; Uinen de los Mares Tranquilos; Melian, Reina de los sindar; Arien, Conductora del Sol; Tilion, Conductor de la Luna; Sauron, Se\u00f1or de los Anillos; Gothmog, Se\u00f1or de los balrogs; Thuringwethil, la Vampira; Ungoliant, la Ara\u00f1a; Draugluin, el Lic\u00e1ntropo; Baya de Oro, la Hija del R\u00edo; Iarwain Ben-adar (Tom Bombadil), y los cinco magos: Ol\u00f3rin (Gandalf), Curunir (Saruman), Aiwendil (Radagast), Alatar y Pallando. Tan s\u00f3lo despu\u00e9s de la creaci\u00f3n del mundo y de que los Ainur entraran en \u00e9l comenz\u00f3 la cuenta del tiempo en Arda. Dado que durante la mayor parte de la historia de Arda no hay sol ni luna para medir el paso del tiempo, Tolkien nos da la medida cronol\u00f3gica del a\u00f1o valariano y de las edades valarianas. Cada a\u00f1o valariano, nos cuenta Tolkien, equivale a diez a\u00f1os tal y como los conocemos nosotros. Y dado que cada edad valariana contiene cien a\u00f1os valarianos, equivale a mil a\u00f1os humanos. Aunque hay numerosos sistemas superpuestos y variaciones en acontecimientos y fechas en los distintos escritos de Tolkien, existe la suficiente coherencia para estimar con cierta precisi\u00f3n que el tiempo transcurrido desde la Creaci\u00f3n de Arda hasta el final de la Tercera Edad del Sol (poco despu\u00e9s de la Guerra del Anillo) fue de treinta y siete edades valarianas, o, para ser m\u00e1s exactos, de 37.063 a\u00f1os humanos. Dentro de este vasto esquema temporal, los poderes reci\u00e9n llegados pasaron las primeras edades valarianas dando forma a Arda. Sin embargo, as\u00ed como hubo discordia en la M\u00fasica de los Ainur, tambi\u00e9n, cuando comenz\u00f3 la verdadera formaci\u00f3n de Arda, una hueste de esp\u00edritus Maiar, guiados por el poderoso Vala sat\u00e1nico llamado Melkor, el Enemigo Oscuro, originaron un gran conflicto. Fue \u00e9sta la Primera Guerra que llev\u00f3 a que la simetr\u00eda natural y la armon\u00eda de Arda se trocaran en confusi\u00f3n. Aunque Melkor acab\u00f3 siendo rechazado, las tierras y mares de Arda conservaron cicatrices y desgarros y la posibilidad de Arda como mundo ideal, tal y como la hab\u00eda mostrado la Visi\u00f3n, se perdi\u00f3 para siempre.<\/p>\n<p>Las Edades de las L\u00e1mparas<\/p>\n<p>Despu\u00e9s de la era de la Creaci\u00f3n y de la formaci\u00f3n de Arda, el \u00abQuenta Silmarillion\u00bb y las publicaciones posteriores de los apuntes y cronolog\u00edas de Tolkien en \u00abEl Ambarkanta\u00bb y los \u00abAnales de Valinor\u00bb nos hablan de una \u00e9poca id\u00edlica que recibi\u00f3 el nombre de Edades de las L\u00e1mparas, cuando, a pesar de la Injuria de Arda durante la Primera Guerra, los Valar llenaron el mundo de maravillas naturales de gran hermosura y armon\u00eda. Se llam\u00f3 as\u00ed a estas edades porque los Valar crearon dos colosales L\u00e1mparas m\u00e1gicas para iluminar el mundo. Fue el Vala llamado Aul\u00eb el Herrero quien forj\u00f3 estos recipientes dorados, mientras que la Reina de las Estrellas, Varda, y el Rey del Viento, Manw\u00eb, las llenaban y las hac\u00edan refulgir de luz. Se necesitaron los poderes combinados de los dem\u00e1s Valar para alzar cada L\u00e1mpara sobre enormes columnas, mucho m\u00e1s altas que cualquier monta\u00f1a. Se coloc\u00f3 una L\u00e1mpara en el norte de la Tierra Media y se la llam\u00f3 Illuin, que se alzaba en el centro de un mar interior llamado Helcar. La otra estaba en el sur, y se llam\u00f3 Ormal, y se alzaba en el centro del mar interior llamado Ringil. Durante las Edades de las L\u00e1mparas se cre\u00f3 el primer reino de los Valar, en el Gran Lago de la isla de Almaren, en el centro exacto de Arda. Era una maravilla, lleno de hermosas mansiones y torres de los Valar y Maiar, y el mundo se llen\u00f3 de alegr\u00eda y de luz. Esta era id\u00edlica recibi\u00f3 tambi\u00e9n el nombre de \u00abPrimavera de Arda\u00bb, porque Yavanna la Fruct\u00edfera cre\u00f3 los grandes bosques y las vastas praderas, y muchos pac\u00edficos y hermosos animales y criaturas del campo y el agua. Pero Almaren no fue el \u00fanico reino que se cre\u00f3 en ese tiempo. Lejos, al norte, los esp\u00edritus malignos Maiar volvieron a reunirse y Melkor regres\u00f3 a Arda. En secreto, mientras los Valar descansaban de sus tareas, Melkor alz\u00f3 las enormes Monta\u00f1as de Hierro, como un gigantesco muro que cruzaba las tierras septentrionales, y bajo ellas construy\u00f3 una fortaleza del Mal, llamada Utumno. Desde aquel refugio comenz\u00f3 a corromper las creaciones de los Valar y hubo venenos que se mezclaron con las aguas y los bosques. Las hermosas criaturas de Yavanna fueron deformadas y torturadas de forma que se volvieron monstruosas y sedientas de sangre. Por \u00faltimo, cuando crey\u00f3 que ya era lo bastante fuerte, Melkor avanz\u00f3 con su ej\u00e9rcito maligno y declar\u00f3 la guerra a los Valar. Cogi\u00e9ndolos por sorpresa, derrumb\u00f3 los pilares de las Grandes L\u00e1mparas de manera que las monta\u00f1as quedaron hechas pedazos y las feroces llamas de las L\u00e1mparas se extendieron por todo el mundo. En el cataclismo qued\u00f3 totalmente destruido el reino de Almaren. Con este terrible conflicto termin\u00f3 la Primavera de Arda y el mundo qued\u00f3 sumergido otra vez en la oscuridad, a excepci\u00f3n de la luz de los destructivos fuegos de la tierra, envuelto en el tumulto de los terremotos y el rugir de los mares. Hizo falta toda la fuerza de las huestes valarianas para sosegar estos poderosos cataclismos y evitar que el mundo entero quedara destruido. En lugar de luchar contra Melkor en medio de aquel tumulto, provocando a\u00fan mayor destrucci\u00f3n, los Valar abandonaron Almaren y la Tierra Media. Se retiraron a la parte m\u00e1s occidental, al gran continente de Aman que recibir\u00eda el nombre de Tierras Imperecederas. De esta forma las Edades de las L\u00e1mparas llegaron a su fin, mientras los Valar creaban un nuevo reino en el oeste y las devastadas regiones de la Tierra Media quedaban esclavas del poder maligno de Melkor.<\/p>\n<p>Las Edades de los \u00c1rboles<\/p>\n<p>Tras la destrucci\u00f3n de las Grandes L\u00e1mparas y del primer reino de Almaren, los Valar se dirigieron al oeste, al continente de Aman, donde crearon un segundo reino que se llam\u00f3 Valinor, que significa \u00abTierra de los Valar\u00bb. All\u00ed cada uno ocup\u00f3 una parte de tierra y edific\u00f3 mansiones y cre\u00f3 jardines, pero tambi\u00e9n construyeron Valimar, el \u00abHogar de los Valar\u00bb, una ciudad amurallada con c\u00fapulas y torres de oro y plata, llena con la m\u00fasica de muchas campanas. En una verde colina, junto a las doradas puertas occidentales de Valimar, los Valar plantaron dos enormes y m\u00e1gicos \u00e1rboles. Fueron los \u00e1rboles m\u00e1s altos que jam\u00e1s hayan existido y recibieron los nombres de Laurelin el Dorado y Telperion el Blanco. Estos \u00c1rboles de Valinor ten\u00edan casi las dimensiones de las colosales L\u00e1mparas de los Valar, y de ellos emanaba un brillante resplandor de luz plateada y dorada a la vez. El crecimiento y mengua de las flores de cada \u00c1rbol constituyeron una manera para medir los d\u00edas, y la luz misma alimentaba a todos quienes viv\u00edan dentro de su resplandeciente presencia, llen\u00e1ndolos de bendiciones y sabidur\u00eda. Sabemos por los primeros apuntes y cr\u00f3nicas de Tolkien, en los \u00abAnales de Valinor\u00bb, que las Edades de los \u00c1rboles comenzaron mil a\u00f1os valarianos despu\u00e9s de la Creaci\u00f3n de Arda; es decir, en la d\u00e9cima edad valariana, o diez mil a\u00f1os humanos despu\u00e9s de la Creaci\u00f3n de Arda. Tambi\u00e9n sabemos que las Edades de los \u00c1rboles comprenden casi veinte edades valarianas o, lo que es lo mismo, veinte mil a\u00f1os humanos. Existe, sin embargo, un factor complejo en la cronolog\u00eda de Tolkien para Arda, porque las Edades de los \u00c1rboles s\u00f3lo ata\u00f1en a las Tierras Imperecederas. Se nos cuenta que, al llegar a Aman, los Valar levantaron una gran muralla que tom\u00f3 la forma de las monta\u00f1as Pel\u00f3ri, para impedir el paso a Morgoth y a todas sus criaturas. Estas monta\u00f1as, las m\u00e1s altas del mundo, protegieron en efecto a Valinor contra una invasi\u00f3n, pero tambi\u00e9n encerraron la Luz de los \u00c1rboles, por lo que el resto de Arda permaneci\u00f3 en la oscuridad. Por ello, durante las Edades de los \u00c1rboles nos encontramos con sistemas paralelos de tiempo. As\u00ed, mientras que las Tierras Imperecederas disfrutaban de la gloria de los \u00c1rboles, la Tierra Media atraves\u00f3 dos \u00e9pocas, cada una de las cuales dur\u00f3 diez mil a\u00f1os humanos: las Edades de la Oscuridad y las Edades de las Estrellas. En las Tierras Imperecederas, las Edades de los \u00c1rboles se dividieron en dos eras. Las diez primeras edades valarianas, o diez mil a\u00f1os humanos, de las Edades de los \u00c1rboles se conocieron como los A\u00f1os de la Bendici\u00f3n de Valinor. Durante este per\u00edodo, los Valar y los Maiar prosperaron y sus grandes mansiones y moradas se hicieron a\u00fan m\u00e1s grandes y m\u00e1s hermosas. Manw\u00eb cre\u00f3 las \u00e1guilas, Yavanna los ents y Aul\u00eb los enanos. Verdaderamente esos tiempos fueron benditos en Valinor, mientras que, al otro lado de las murallas de las monta\u00f1as Pel\u00f3ri, la Tierra Media soportaba el terror y la maldad del dominio de Melkor durante las Edades de la Oscuridad. Durante las diez edades valarianas siguientes, se nos revelan muchas m\u00e1s cosas sobre los acontecimientos en Valinor y en la Tierra Media. Esta segunda era de las Edades de los \u00c1rboles recibi\u00f3 el nombre de Mediod\u00eda de los Benditos, pero en la Tierra Media se la llam\u00f3 Edades de las Estrellas. Fue entonces cuando Varda, la Reina de los Cielos, volvi\u00f3 a encender las estrellas sobre la Tierra Media y provoc\u00f3 el Despertar de los elfos. Despu\u00e9s, cuando llegaron a las Tierras Imperecederas las nuevas del Despertar de los elfos y de que Melkor quer\u00eda esclavizarlos, matarlos y corromperlos, los Valar celebraron un consejo de guerra. Fieros, como \u00e1ngeles vengativos, los Valar y los Maiar regresaron a la Tierra Media y aplastaron a su paso a las legiones de Melkor. Esta lucha recibi\u00f3 el nombre de Guerra de los Poderes, y en ella hubo muchas batallas y duelos, en cuyo transcurso los Valar destruyeron completamente Utumno y sacaron al tirano Melkor de sus abismos. Despu\u00e9s, Melkor fue llevado prisionero a Valinor y cargado de cadenas indestructibles. Este per\u00edodo recibi\u00f3 el nombre de Paz de Arda, y dur\u00f3 casi todo lo que quedaba de las Edades de los \u00c1rboles en Valinor y de las Edades de las Estrellas en la Tierra Media. \u00c9stos fueron los mejores a\u00f1os para la raza \u00e9lfica, porque, sin la ira maligna de Melkor, este pueblo elegido prosper\u00f3 y aument\u00f3 m\u00e1s y m\u00e1s su poder\u00edo. Tras la Guerra de los Poderes, los Valar invitaron a los elfos a ir a vivir junto a ellos en la Tierra de la Luz. Esto provoc\u00f3 la migraci\u00f3n masiva conocida como el Gran Viaje de los eldar, los elfos que respondieron a la invitaci\u00f3n de los Valar. El Gran Viaje fue el tema de muchas canciones de los elfos, porque la traves\u00eda fue larga y azarosa, y los eldar se dividieron muchas veces en diversas razas y tribus. Los que llegaron a las Tierras Imperecederas y fueron bendecidos por la Luz de los \u00c1rboles pertenec\u00edan a tres pueblos: los vanyar, los noldor y los teleri. Para estos pueblos escogidos, los Valar acotaron una parte de las Tierras Imperecederas que se llam\u00f3 Eldamar, \u00abHogar de los elfos\u00bb, y su hermosura era algo digno de contemplarse. Sus torres y mansiones eran muchas, pero las mejores se encontraban en Tirion, la capital de los vanyar y los noldor, y en las ciudades teleri de Alqualond\u00eb, en la costa de Eldamar, y en Avall\u00f3n\u00eb, en la isla de Tol Eress\u00eba. Tras las Edades del Encadenamiento, Melkor fue llevado ante los Valar para ser juzgado. Parec\u00eda haber cambiado y dijo estar arrepentido, de manera que Manw\u00eb, el Se\u00f1or de los Valar, orden\u00f3 que se le quitaran las cadenas. Pero los Valar fueron enga\u00f1ados. Melkor conspiraba en secreto su ca\u00edda. Primero sembr\u00f3 la discordia entre los elfos y luego, aliado con la Gran Ara\u00f1a Ungoliant, declar\u00f3 la guerra abierta. Se acerc\u00f3 a los \u00c1rboles de los Valar con Ungoliant y los atac\u00f3 con una gran lanza, y la Ara\u00f1a chup\u00f3 la vida y la Luz de los \u00c1rboles, de manera que \u00e9stos se agostaron y murieron. Todo Valinor qued\u00f3 sumido en una horrible oscuridad con la No-Luz de Ungoliant y Melkor ri\u00f3 con maligna alegr\u00eda porque por segunda vez hab\u00eda extinguido las grandes luces del mundo. No contento con esta gran maldad, Melkor se dirigi\u00f3 a la fortaleza \u00e9lfica de Formenos, mat\u00f3 al Gran Rey de los noldor y rob\u00f3 las gemas m\u00e1gicas conocidas como los Silmarils. \u00c9stas eran las joyas m\u00e1s preciadas de todas las edades y ten\u00edan un car\u00e1cter sagrado para sus creadores, los noldor, porque significaban su m\u00e1ximo logro en la creaci\u00f3n de joyas \u00e9lficas. Con el Oscurecimiento de Valinor, todav\u00eda cobraron m\u00e1s valor, porque aquellas tres gemas resplandec\u00edan y brillaban con la Luz viva de los \u00c1rboles de los Valar. Pero, por muy hermosos que fueran, los Silmarils parec\u00edan llevar consigo una terrible maldici\u00f3n, pues llevaban la destrucci\u00f3n y la desesperaci\u00f3n a todos aquellos que los pose\u00edan. Cuando Melkor se apoder\u00f3 de ellos y huy\u00f3 a la Tierra Media, los noldor hicieron un juramento de sangre para vengarse y, bajo el liderazgo de F\u00ebanor, creador de los Silmarils, fueron tras Melkor. Aqu\u00e9l fue el inicio de la Guerra de las Grandes Joyas, relatada en El Silmarillion, que dur\u00f3 toda la Primera Edad del Sol.<\/p>\n<p>La Primera Edad del Sol<\/p>\n<p>Aunque las Edades del Sol son el n\u00facleo principal de pr\u00e1cticamente todas las historias de Tolkien, este astro no surge en el cielo hasta la trig\u00e9sima edad valariana o, lo que es lo mismo, 30.000 a\u00f1os humanos despu\u00e9s de la Creaci\u00f3n de Arda. Aun as\u00ed, el tiempo transcurrido en a\u00f1os solares es muy extenso. Al final de la Guerra del Anillo y de la Tercera Edad habr\u00e1n transcurrido 7.063 a\u00f1os humanos. En las primeras cronolog\u00edas de los \u00abAnales de Valinor\u00bb, Tolkien nos cuenta que 29.980 a\u00f1os humanos despu\u00e9s de la Creaci\u00f3n de Arda, Melkor y la Gran Ara\u00f1a Ungoliant pusieron fin a las Edades de los \u00c1rboles en Valinor y extinguieron su luz para siempre. Pero las Valar Yavanna, Dadora de Frutos, y Nienna, la Pla\u00f1idera, consiguieron extraer de sus restos arruinados una \u00fanica flor de plata llamada Isil la Refulgente y un \u00fanico fruto dorado llamado Anar el Fuego de Oro. Fueron colocados en grandes recipientes forjados por Aul\u00eb el Herrero y, en el a\u00f1o 30.000 (cronolog\u00eda humana) de la Creaci\u00f3n de Arda, estos brillantes recipientes fueron llevados a los cielos. Eran el Sol y la Luna y a partir de entonces iluminaron todas las tierras de Arda. Igual que el Renacimiento de las Estrellas signific\u00f3 el Despertar de los elfos, el Amanecer del Sol se\u00f1al\u00f3 el Despertar de los hombres. Cuando la primera luz de la ma\u00f1ana penetr\u00f3 en los ojos de los hombres, despertaron a una nueva edad. Porque Il\u00favatar, igual que hab\u00eda creado la raza inmortal de los elfos en el principio de los tiempos y la hab\u00eda escondido en la laguna de Cuivi\u00e9nen, tambi\u00e9n hab\u00eda creado la raza mortal de los hombres y los ocult\u00f3 en el este de la Tierra Media, en un lugar llamado Hild\u00f3rien, la \u00abtierra de los seguidores\u00bb, al otro lado de las Monta\u00f1as del Viento. Este nuevo pueblo no pod\u00eda compararse con los elfos en cuanto a fuerza de cuerpo y alma. Eran mortales y su vida era breve, incluso comparada con la de los enanos. Compadecidos, los elfos ense\u00f1aron a estas gentes enfermizas todo lo que pudieron, pero terminaron descubriendo que en su mortalidad resid\u00eda una fuerza secreta. Porque esta raza result\u00f3 ser m\u00e1s adaptable a las exigencias de un mundo cambiante y, a pesar de morir f\u00e1cilmente y en gran n\u00famero, tambi\u00e9n se reproduc\u00edan m\u00e1s r\u00e1pido que cualquier otra raza con excepci\u00f3n de la de los orcos. Las tribus de este pueblo n\u00f3mada vagaron por todas las regiones de la Tierra Media. Pero los mejores y los m\u00e1s fuertes de ellos fueron los edain, aquellos que llegaron primero a los reinos eldar de Beleriand. La Primera Edad del Sol fue la Edad Heroica que comenz\u00f3 con la llegada de los Altos elfos noldor procedentes de Eldamar, quienes persegu\u00edan a Melkor, a quien llamaban Morgoth, el Enemigo Negro. Porque Morgoth no s\u00f3lo hab\u00eda destruido los \u00c1rboles de la Luz sino que tambi\u00e9n atac\u00f3 la fortaleza \u00e9lfica de Formenos, mat\u00f3 al Gran Rey de los noldor y se apoder\u00f3 de las joyas m\u00e1gicas llamadas los Silmarils. Estas tres gemas eran el mayor tesoro de los noldor, puesto que las hab\u00edan creado a partir de la luz de los \u00c1rboles de los Valar. La pugna por la posesi\u00f3n de estas joyas desemboc\u00f3 en la Guerra de las Grandes Joyas y le proporcion\u00f3 a Tolkien el tema de El Silmarillion. Esta conflagraci\u00f3n dur\u00f3 seis siglos y en ella destacaron seis grandes batallas. Morgoth acab\u00f3 con los \u00c1rboles de la Luz, se apoder\u00f3 de los Silmarils y huy\u00f3 a Angband unos veinte a\u00f1os humanos antes del inicio de la Primera Edad del Sol. Las Guerras de Beleriand comenzaron una d\u00e9cada despu\u00e9s, cuando Morgoth envi\u00f3 sus legiones de orcos contra los elfos de Beleriand. Aqu\u00e9lla fue la Primera Batalla, en la que las hordas de orcos fueron derrotadas al fin y rechazadas a Angband. La Segunda Batalla tuvo lugar cuatro a\u00f1os humanos antes de que surgiera el Sol y recibi\u00f3 el nombre de \u00abBatalla bajo las Estrellas\u00bb, Dagor-nuin-Giliath. Las fuerzas de Morgoth salieron al encuentro de los reci\u00e9n llegados elfos noldor en Beleriand noroccidental. A pesar de ser inferiores en n\u00famero, los noldor lucharon ferozmente durante diez d\u00edas. Mataron a todos los que les plantaron cara y obligaron a los dem\u00e1s orcos a retirarse a Angband. En el a\u00f1o 56 de la Primera Edad del Sol, las fuerzas de Morgoth hab\u00edan recuperado la suficiente potencia como para enviar un ej\u00e9rcito mayor que los dos anteriores juntos. Esta Tercera Batalla recibi\u00f3 el nombre de Batalla Gloriosa, Dagor Aglareb, porque los elfos, adem\u00e1s de vencer a las legiones orcas de Morgoth, les cortaron la retirada y las aniquilaron. La victoria fue tan completa que, durante casi cuatro siglos, los elfos sitiaron Angband. Durante este per\u00edodo se produjeron incursiones de orcos en Hithlum y, en el 260, Glaurung el Drag\u00f3n intent\u00f3 un ataque, pero durante casi todo el tiempo rein\u00f3 la paz en Beleriand. Pocos siervos de Morgoth se aventuraban a ir al sur de las Monta\u00f1as de Hierro. Sin embargo, cuando Morgoth rompi\u00f3 por fin la Larga Paz, estaba verdaderamente preparado. En el a\u00f1o 455, sus legiones de orcos estaban mandadas por balrogs y dragones con aliento \u00edgneo. \u00c9sta fue la Cuarta Batalla, que se llam\u00f3 Batalla de la Llama S\u00fabita, o Dagor Bragollach. Fue seguida por la Quinta Batalla, la Batalla de las L\u00e1grimas Innumerables, o Nirnaeth Arnoediad. Estas dos batallas terminaron con una victoria aplastante de Morgoth y significaron la destrucci\u00f3n de todos los reinos \u00e9lficos de Beleriand. Nargothrond fue saqueada en el 496. Poco despu\u00e9s fue arrasada Menegroth, y el 511 vio la ca\u00edda de Gondolin, el \u00faltimo reducto \u00e9lfico. Durante casi un siglo, Morgoth retuvo su f\u00e9rreo control de la Tierra Media. Por fin, los Valar y los Maiar no pudieron tolerar m\u00e1s su maldad y en el a\u00f1o 601 llegaron por tercera y \u00faltima vez para hacer la guerra al Enemigo Negro en un cataclismo que recibi\u00f3 el nombre de Guerra de la Ira y Gran Batalla. El conflicto fue tan terrible que no s\u00f3lo Angband fue destruida sino que con ella desaparecieron las hermosas tierras de Beleriand. Y, aunque Morgoth recurri\u00f3 a todos sus monstruos y demonios, e incluso a una legi\u00f3n de dragones de fuego, fue vencido y arrojado para siempre al Vac\u00edo. Pero esta victoria supuso un precio. Beleriand qued\u00f3 arrasada. Las Monta\u00f1as de Hierro y las Monta\u00f1as Azules fueron desgarradas y dejaron paso a las aguas del mar. Toda Beleriand qued\u00f3 inundada y se hundi\u00f3 por fin bajo el Mar Occidental. As\u00ed termin\u00f3 la Primera Edad del Sol.<\/p>\n<p>La Segunda Edad del Sol<\/p>\n<p>La Segunda Edad fue la Edad de los n\u00famen\u00f3reanos. Como se narra en el \u00abAkallab\u00eath\u00bb o \u00abLa Ca\u00edda de N\u00famenor\u00bb, \u00e9stos eran hombres que descend\u00edan de los edain de la Primera Edad y a quienes los Valar hab\u00edan entregado la tierra reci\u00e9n creada en mitad del ancho mar que separaba la Tierra Media de las Tierras Imperecederas. Se concedi\u00f3 a los n\u00famen\u00f3reanos una esperanza de vida mucho mayor que la de los humanos corrientes, y con el paso de los siglos su poder\u00edo y riqueza crecieron, y su marina naveg\u00f3 por todos los mares del mundo mortal. N\u00famenor, que a menudo se traduce por Oesternesse, era llamada tambi\u00e9n \u00abtierra de los dones\u00bb, \u00abtierra de la estrella\u00bb y Atlant\u00eb, porque era, de hecho, la reinvenci\u00f3n de Tolkien del antiguo mito del continente perdido de Atlantis. La N\u00famenor de Tolkien era un reino que ocupaba una isla con forma de estrella de cinco puntas. En su punto m\u00e1s estrecho med\u00eda cuatrocientos kil\u00f3metros de anchura y casi el doble en el punto m\u00e1s ancho. Se divid\u00eda en seis regiones: una por cada pen\u00ednsula y una sexta que era el centro de la isla, donde se alzaba la monta\u00f1a sagrada, Meneltarma, o \u00abpilar del cielo\u00bb, la cima m\u00e1s elevada de N\u00famenor. En sus laderas se encontraba Armenelos, la \u00abciudad de los reyes\u00bb, donde habitaba el rey, que era la ciudad m\u00e1s poblada de N\u00famenor. M\u00e1s abajo se encontraba el puerto real de R\u00f3menna. Los otros puertos importantes, Eldalond\u00eb y And\u00fani\u00eb miraban a Occidente, hacia las Tierras Imperecederas. El primer rey de N\u00famenor fue Elros, hijo de E\u00e4rendil y hermano gemelo de Elrond Medio elfo; esto fue porque, al final de la Primera Edad, cuando los Valar dijeron a los gemelos Medio elfos que deb\u00edan elegir su destino, Elrond escogi\u00f3 el de los elfos inmortales, mientras que Elros se convirti\u00f3 en rey de los edain mortales. Sin embargo, al ser Medio elfo, se le concedi\u00f3 una vida de quinientos a\u00f1os y gobern\u00f3 como rey de N\u00famenor hasta el a\u00f1o 442 de la Segunda Edad. Mientras los n\u00famen\u00f3reanos prosperaban en su isla, los Altos elfos que hab\u00edan sobrevivido a los conflictos de la Primera Edad y que quisieron quedarse en la Tierra Media se reunieron bajo el estandarte de Gil-galad, el \u00faltimo Gran Rey elfo, en el reino de Lindon. Esta peque\u00f1a regi\u00f3n, la \u00fanica que escap\u00f3 a la destrucci\u00f3n de Beleriand, se encontraba a ambos lados del golfo de Lune. A medida que fueron pasando los a\u00f1os, muchos de estos Altos elfos de Lindon viajaron hacia el este y fundaron nuevos reinos. Los se\u00f1ores sindar establecieron reinos entre los elfos silvanos de Bosqueverde el Grande y el Bosque Dorado de Lothl\u00f3rien en la cuenca del Anduin. En el siglo octavo, los elfos noldor de Celebrimbor establecieron el reino de los Herreros elfos de Eregion, justo al oeste del reino enano de Khazad-d\u00fbm. Pero no fueron s\u00f3lo los elfos y los enanos quienes prosperaron y crecieron durante esta \u00e9poca. Sauron el Hechicero permaneci\u00f3 en el mundo mortal y se esforz\u00f3 en ser el sucesor de Melkor como Se\u00f1or Oscuro de la Tierra Media. En el a\u00f1o 1000, Sauron comenz\u00f3 a crear en secreto su reino maligno de Mordor, esclavizando a las razas de hombres b\u00e1rbaros del este y del sur y reuniendo a orcos y otros seres malignos en su reino. Tambi\u00e9n comenz\u00f3 a edificar la Torre Oscura de Barad-d\u00fbr. Asumi\u00f3 una apariencia hermosa bajo el nombre de Annatar, que significa \u00abse\u00f1or de los dones\u00bb, e intent\u00f3 seducir a los elfos con su sabidur\u00eda y su poder. S\u00f3lo Celebrimbor y los Herreros elfos de Eregion creyeron el enga\u00f1o. Usando los poderes combinados de la magia y la metalurgia, Sauron y los Herreros elfos colaboraron en la creaci\u00f3n de muchos objetos fant\u00e1sticos. En el a\u00f1o 1500 alcanzaron la c\u00faspide de su capacidad y, siguiendo las instrucciones de Sauron, comenzaron a forjar los Anillos de Poder. Para el a\u00f1o 1600 todos los Anillos estaban acabados; Sauron regres\u00f3 a Mordor subrepticiamente, donde termin\u00f3 la construcci\u00f3n de la Torre Oscura de Barad-d\u00fbr y forj\u00f3 el Anillo \u00danico, con lo que se convirti\u00f3 en el Se\u00f1or de los Anillos. Cuando los Herreros elfos se dieron cuenta de que hab\u00edan sido utilizados para que Sauron se convirtiera en el todopoderoso Se\u00f1or de los Anillos, se rebelaron contra \u00e9l y entre 1693 y 1701 se libr\u00f3 la sangrienta Guerra de Sauron y los elfos. En ese conflicto Sauron mat\u00f3 a Celebrimbor, destruy\u00f3 la ciudad de los Herreros elfos, arras\u00f3 Eregion y ocup\u00f3 casi todo Eriador. Los enanos de Khazad-d\u00fbm evitaron la guerra y cerraron sus puertas al mundo exterior. A partir de entonces, el reino oculto fue conocido como Moria, el \u00ababismo negro\u00bb. En la terrible pugna murieron la mayor\u00eda de los elfos de Eregion. Los pocos que sobrevivieron fueron guiados por Elrond Medio elfo a las estribaciones de las Monta\u00f1as Nubladas, donde fundaron la colonia de Imladris, que los hombres llamar\u00edan m\u00e1s tarde Rivendel. Tras su victoria sobre Celebrimbor, Sauron reuni\u00f3 sus fuerzas y march\u00f3 contra Gil-galad de Lindon. En el \u00faltimo momento, una imponente flota de n\u00famen\u00f3reanos se uni\u00f3 a las fuerzas \u00e9lficas, y el ej\u00e9rcito combinado result\u00f3 tan potente que las legiones de Sauron fueron completamente aplastadas y \u00e9l tuvo que retirarse a Mordor. Durante los siguientes mil a\u00f1os, Sauron no hizo nada contra los elfos sino que se dedic\u00f3 a las tribus b\u00e1rbaras de Orientales y haradrim, extendiendo su tenebrosa sombra por el mundo. Entre los salvajes reyes de estos pueblos, y entre los n\u00famen\u00f3reanos negros, distribuy\u00f3 los Nueve Anillos de los Hombres Mortales. Al llegar el siglo veintitr\u00e9s se hab\u00edan convertido en los Nazg\u00fbl, sus principales siervos malignos, llamados por los hombres Espectros del Anillo. Entretanto, los n\u00famen\u00f3reanos se hab\u00edan convertido en la m\u00e1xima potencia naval del mundo. Crearon numerosas colonias en las costas de la Tierra Media, as\u00ed como los puertos-fortalezas de Umbar y Pelargir. Por \u00faltimo, el crecimiento del imperio mar\u00edtimo de N\u00famenor y del imperio terrestre de Mordor llev\u00f3 a una confrontaci\u00f3n. En el a\u00f1o 3261, una enorme armada n\u00famen\u00f3reana toc\u00f3 puerto en Umbar y de ella sali\u00f3 una fuerza potent\u00edsima que march\u00f3 sobre Mordor. Sauron se dio cuenta de que su poder no era tan grande como el de los n\u00famen\u00f3reanos y que no ten\u00eda posibilidad de vencerlos, ni siquiera recurriendo a la fuerza de las armas. Aun as\u00ed, los pueblos del mundo quedaron asombrados cuando el Se\u00f1or de los Anillos baj\u00f3 de su Torre Oscura en Mordor y se entreg\u00f3. Los n\u00famen\u00f3reanos cargaron de cadenas a Sauron, lo llevaron a su reino y lo encerraron en el m\u00e1s seguro de sus calabozos. Pero, por medio de la astucia, Sauron consigui\u00f3 lo que no le fue posible por la fuerza de las armas: aconsej\u00f3 falsamente a los orgullosos reyes n\u00famen\u00f3reanos y los corrompi\u00f3, de manera que llegaron a hacer planes contra los mism\u00edsimos Valar. Tan eficaz result\u00f3 esta corrupci\u00f3n que los n\u00famen\u00f3reanos osaron reunir la mayor flota de barcos que nunca se hab\u00eda visto y zarparon hacia el oeste para hacer la guerra a los Poderes de Arda. Debido a este acto, Il\u00favatar hizo que la hermosa isla de N\u00famenor se hiciera pedazos. Las monta\u00f1as y las ciudades se derrumbaron, el mar se alz\u00f3 iracundo y todo N\u00famenor se hundi\u00f3 en un abismo acu\u00e1tico. Con aquel cataclismo lleg\u00f3 tambi\u00e9n el Cambio del Mundo. Las Tierras Imperecederas fueron situadas m\u00e1s all\u00e1 de las Esferas del Mundo y quedaron para siempre fuera del alcance de todos, con excepci\u00f3n de los Escogidos, quienes viajaban en barcos \u00e9lficos por el Camino Recto atravesando las esferas de ambos mundos. Aqu\u00e9l fue el fin de la Edad de Atlantis, tal y como la conocemos en los mitos, y el mundo se cerr\u00f3 en s\u00ed mismo. Ya no era un mundo plano limitado por un Mar Circundante y encerrado dentro de una esfera de aire y \u00e9ter, sino que se convirti\u00f3 en el planeta esf\u00e9rico que nosotros conocemos. Pero la Segunda Edad no termin\u00f3 con el Hundimiento de N\u00famenor en el a\u00f1o 3319, ni tampoco desapareci\u00f3 completamente la herencia de los n\u00famen\u00f3reanos. Porque, como cuentan las historias de esa \u00e9poca, hab\u00eda algunos de entre los n\u00famen\u00f3reanos, mandados por los pr\u00edncipes de And\u00fani\u00eb, que se denominaron a s\u00ed mismos los Fieles y se negaron a dar la espalda a los Valar y los eldar. Guiados por Elendil el Alto, navegaron a bordo de nueve barcos en direcci\u00f3n este, hacia las costas de la Tierra Media, en el momento del cataclismo. \u00c9stos fueron los d\u00fanedain, los Fieles n\u00famen\u00f3reanos supervivientes que establecieron los reinos de Arnor y Gondor en la Tierra Media. Pero casi inmediatamente hubo pugnas y conflictos porque, gracias al poder del Anillo \u00danico, Sauron tambi\u00e9n escap\u00f3 de la Ca\u00edda de N\u00famenor y regres\u00f3 a Mordor, donde comenz\u00f3 a planear la destrucci\u00f3n de todos los reinos \u00e9lficos y d\u00fanedain que quedaban en la Tierra Media. Como respuesta se form\u00f3 la \u00daltima Alianza de elfos y hombres, y el ej\u00e9rcito de Sauron fue derrotado en la Batalla de Dagorlad. Entrando en Mordor, la Alianza puso sitio a la Torre Oscura durante siete largos a\u00f1os hasta que Sauron fue vencido. En este \u00faltimo combate, el rey d\u00fanadan Elendil y su hijo An\u00e1rion, as\u00ed como el \u00faltimo Gran Rey de los elfos en la Tierra Media, Gil-galad, fueron muertos antes de que Isildur, hijo de Elendil, cortara el dedo en el que Sauron ten\u00eda el Anillo. Con la conquista de Mordor, la destrucci\u00f3n de la Torre Oscura, la expulsi\u00f3n de los Espectros del Anillo y la ca\u00edda de Sauron, en el a\u00f1o 3441, la Segunda Edad del Sol termin\u00f3.<\/p>\n<p>La Tercera Edad del Sol<\/p>\n<p>Los dos temas dominantes en la historia de Tolkien de la Tercera Edad del Sol son la supervivencia de los reinos de Arnor y Gondor, y el destino del Anillo \u00danico de Sauron. Ambos temas est\u00e1n relacionados. Al terminar la Segunda Edad, cuando Sauron, el Se\u00f1or de los Anillos, fue vencido, fue Isildur, que ser\u00eda Gran Rey del Reino Unificado de Gondor y Arnor, quien cort\u00f3 el dedo que llevaba el Anillo \u00danico. En aquel momento, se crey\u00f3 que aqu\u00e9l era un acto correcto y la \u00fanica manera de acabar con el poder del Se\u00f1or Oscuro. Sin embargo, en el momento en que Isildur cogi\u00f3 el Anillo \u00danico, una parte de \u00e9l se corrompi\u00f3 bajo los efectos de su maligno poder, pues, a pesar de ser fuerte y virtuoso, Isildur no pudo resistir sus promesas de poder. Aunque lleg\u00f3 a las laderas volc\u00e1nicas del mism\u00edsimo Monte del Destino, en cuyos fuegos se hab\u00eda forjado el Anillo y el \u00fanico lugar donde podr\u00eda ser destruido, no fue capaz de arrojar el Anillo. Isildur sucumbi\u00f3 a la tentaci\u00f3n y tom\u00f3 el Anillo \u00danico para s\u00ed, de manera que la maldici\u00f3n cay\u00f3 sobre \u00e9l. En el segundo a\u00f1o de la Tercera Edad, Isildur y sus tres hijos mayores viajaban hacia el norte por la cuenca del Anduin, cuando su s\u00e9quito cay\u00f3 en una emboscada de los orcos. \u00c9sta fue la Batalla de los Campos Gladios en la que perdieron la vida Isildur y sus tres hijos y en la que el Anillo \u00danico se perdi\u00f3 en las aguas del r\u00edo Anduin. Hicieron falta tres mil a\u00f1os para enderezar las desastrosas consecuencias de lo ocurrido en los Campos Gladios. La p\u00e9rdida del Anillo \u00danico significaba que el esp\u00edritu maligno de Sauron no descansar\u00eda hasta que el Anillo fuera encontrado y destruido, mientras que la muerte del Gran Rey del Reino Unificado de los d\u00fanedain signific\u00f3 la partici\u00f3n de \u00e9ste en dos reinos separados: Arnor y Gondor. En efecto, al sucumbir Isildur a la tentaci\u00f3n del Anillo \u00danico, la maldici\u00f3n de \u00e9ste cay\u00f3 sobre todo el pueblo d\u00fanadan. Esta maldici\u00f3n domin\u00f3 toda la Tercera Edad, porque el Reino Unificado no pod\u00eda ser restaurado en tanto no se destruyera el Anillo \u00danico y un \u00fanico heredero leg\u00edtimo (que tuviera la capacidad de resistir a las tentaciones del Anillo) fuera reconocido por todos los d\u00fanedain. S\u00f3lo entonces volver\u00eda a gobernar un Gran Rey sobre el Reino Unificado. Con todo, durante el primer milenio de la Tercera Edad, el poder\u00edo del reino meridional de Gondor creci\u00f3 a pesar de los constantes conflictos en sus fronteras y de las invasiones de Orientales en los siglos quinto y sexto. Al llegar el siglo noveno, Gondor hab\u00eda reunido una poderosa flota que pod\u00eda sumar al poder\u00edo militar de su ej\u00e9rcito. En el siglo once, Gondor alcanz\u00f3 su apogeo: rechaz\u00f3 a los Orientales hasta el mar de Rh\u00fbn, convirti\u00f3 Umbar en una fortaleza de Gondor y sojuzg\u00f3 a las gentes de Harad. Aunque el reino septentrional de Arnor nunca llev\u00f3 sus fronteras m\u00e1s all\u00e1 de Eriador, prosper\u00f3 hasta el siglo noveno. Entonces las disputas internas llevaron a la divisi\u00f3n del reino en tres estados independientes que acabaron pele\u00e1ndose entre s\u00ed. Al llegar el siglo doce, el esp\u00edritu de Sauron hab\u00eda regresado en secreto a la Tierra Media, con la forma de un ojo maligno y \u00fanico envuelto en llamas. Se refugi\u00f3 en el Bosque Negro meridional, en la fortaleza de Dol Guldur. A partir de entonces, las fuerzas de la oscuridad fueron adquiriendo m\u00e1s y m\u00e1s poder en toda la Tierra Media. A partir del siglo trece, Arnor fue vi\u00e9ndose reducido por una combinaci\u00f3n de cat\u00e1strofes naturales y luchas internas. Pero la mayor de sus maldiciones fue el principal siervo de Sauron, el Se\u00f1or de los Espectros del Anillo, quien se convirti\u00f3 en rey brujo de Angmar y mantuvo un estado de guerra durante m\u00e1s de cinco siglos contra los reyes de Arnor. Al fin, en 1974, el rey brujo tom\u00f3 el \u00faltimo reducto arnoriano, Fornost, y Arnor dej\u00f3 de existir como reino. Despu\u00e9s de la muerte del vig\u00e9simo tercer rey de Arnor, el linaje real continu\u00f3 a trav\u00e9s de los Capitanes tribales de los d\u00fanedain. La decadencia del reino meridional de Gondor durante el segundo milenio de la Tercera Edad se debi\u00f3 a tres causas. La primera fue la Guerra entre Parientes del siglo quince. \u00c9sta fue una sangrienta guerra civil que ocasion\u00f3 miles de muertos, la destrucci\u00f3n de ciudades, la p\u00e9rdida de gran parte de la flota de Gondor y el fin de su control sobre Umbar y Harad. La segunda maldici\u00f3n fue la Gran Plaga de 1636 que Sauron lanz\u00f3 sobre Gondor y Arnor. Los d\u00fanedain nunca se recobraron de esta calamidad, porque fueron tantos los muertos que zonas enteras de su reino quedaron desiertas para siempre. La tercera maldici\u00f3n fueron las invasiones de los Aurigas en los siglos diecinueve y veinte. Estas invasiones, llevadas a cabo por una confederaci\u00f3n bien armada de pueblos Orientales, duraron casi cien a\u00f1os. Aunque los Orientales acabaron siendo derrotados y expulsados, debilitaron de manera decisiva el ya disminuido poder de Gondor. En el a\u00f1o 2000, el mismo rey brujo que hab\u00eda destruido el reino septentrional de Arnor, sali\u00f3 de Mordor. Con su terrible ej\u00e9rcito atac\u00f3 directamente a Gondor y tom\u00f3 la torre de Minas Ithil, que rebautiz\u00f3 como Minas Morgul. En el a\u00f1o 2050, el rey brujo mat\u00f3 al trig\u00e9simo primero y \u00faltimo rey de Gondor. A partir de entonces, Gondor careci\u00f3 de heredero leg\u00edtimo al trono y fue gobernado por la dinast\u00eda de los Senescales gobernantes. En resumen, Arnor ten\u00eda un rey sin reino, mientras que Gondor ten\u00eda un reino, pero no un rey. Lo que es m\u00e1s, inspirados por la maldad de Sauron, se produjeron sucesivas invasiones y ataques por parte de los Orientales, balchoth, Sure\u00f1os, n\u00famen\u00f3reanos negros, Corsarios, dunlendinos y Monta\u00f1eses, contra los d\u00fanedain y sus aliados. A esto hay que a\u00f1adir el despertar del Balrog, el resurgir de los dragones, las invasiones de manadas de lobos y huargos y la creaci\u00f3n de las nuevas criaturas malignas, los uruk-hai, los olog-hai y los Medio orcos. Todos ellos se sumaron a las legiones de orcos y trolls que reconoc\u00edan a Sauron como se\u00f1or. Durante otros mil a\u00f1os, el poder de Sauron no hizo m\u00e1s que aumentar, mientras que el de los d\u00fanedain disminu\u00eda. La culminaci\u00f3n de todos los acontecimientos de la Tercera Edad lleg\u00f3 en el a\u00f1o 3019, con el estallido de la Guerra del Anillo, cuando Sauron, el Se\u00f1or de los Anillos, se lo jug\u00f3 todo apostando por su hechicer\u00eda y su poder\u00edo militar en un intento de destruir a los \u00faltimos d\u00fanedain y de ocupar todas las regiones de la Tierra Media. Es en ese contexto en el que J. R. R. Tolkien ambient\u00f3 su obra maestra, El Se\u00f1or de los Anillos. Resulta interesante observar c\u00f3mo todo el peso de esos tres mil a\u00f1os de historia se proyecta en los dos a\u00f1os, 3018 y 3019, de los que trata la trilog\u00eda. Los acontecimientos de la Misi\u00f3n y de la Guerra del Anillo est\u00e1n cargados de importancia hist\u00f3rica porque el lector se da cuenta del hecho de que cada acci\u00f3n de los personajes principales es decisiva para el resultado y desenlace de toda la edad. La Tercera Edad termina cuando es destruido el Anillo \u00danico; el imperio de maldad de Sauron se derrumba, los otros Anillos de Poder se dejan inactivos y el \u00faltimo heredero leg\u00edtimo al trono de los dos reinos es coronado Gran Rey del Reino Unificado de los d\u00fanedain. Se trata de la resoluci\u00f3n, no s\u00f3lo de la novela, sino de toda la Tercera Edad. De hecho se asiste al desenlace de los conflictos habidos durante los 37.063 a\u00f1os de historia de Arda.<\/p>\n<p>La Cuarta Edad del Sol<\/p>\n<p>Con el fin de la Guerra del Anillo, la paz y la prosperidad regresaron a la Tierra Media. Pero al mismo tiempo se orden\u00f3 que los \u00faltimos grandes poderes \u00e9lficos desaparecieran de las tierras mortales. Los \u00faltimos buenos y grandes personajes de esta raza -junto con unos cuantos escogidos de la Comunidad del Anillo- se embarcaron en las naves \u00e9lficas y por el Camino Recto navegaron hacia Occidente, hacia las Tierras Imperecederas. De esta manera, la Tercera Edad deja paso a la Cuarta, conocida como la Edad del Dominio de los hombres; una edad en la que desaparecen las \u00faltimas influencias \u00e9lficas y en la que los grandes poderes se alejan, m\u00e1s all\u00e1 de nuestra comprensi\u00f3n. Desde entonces, las Tierras Imperecederas se alejan de las esferas de la existencia humana, colocando a dioses y elfos m\u00e1s all\u00e1 de nuestro alcance y, sin duda, la f\u00edsica del mundo se adapta a nuestro actual sentido del tiempo y el espacio, de manera que la Tierra comienza a girar alrededor del Sol.<\/p>\n","protected":false},"excerpt":{"rendered":"<p>El gran continente de Aman, en el extremo occidental de Arda, recib\u00eda m\u00e1s a menudo el nombre de Tierras Imperecederas. En ellas viv\u00edan los inmortales Valar, Maiar y eldar. Las Tierras Imperecederas se compon\u00edan b\u00e1sicamente de dos reinos: Valinor, hogar de los ainur (Valar y Maiar), y Eldamar, el hogar de los elfos eldar (vanyar, noldor y teleri). Tras el<\/p>\n","protected":false},"author":4,"featured_media":0,"comment_status":"closed","ping_status":"open","sticky":false,"template":"","format":"standard","meta":{"footnotes":""},"categories":[195],"tags":[],"class_list":["post-4029","post","type-post","status-publish","format-standard","hentry","category-lugares"],"_links":{"self":[{"href":"https:\/\/nasdat.com\/index.php?rest_route=\/wp\/v2\/posts\/4029","targetHints":{"allow":["GET"]}}],"collection":[{"href":"https:\/\/nasdat.com\/index.php?rest_route=\/wp\/v2\/posts"}],"about":[{"href":"https:\/\/nasdat.com\/index.php?rest_route=\/wp\/v2\/types\/post"}],"author":[{"embeddable":true,"href":"https:\/\/nasdat.com\/index.php?rest_route=\/wp\/v2\/users\/4"}],"replies":[{"embeddable":true,"href":"https:\/\/nasdat.com\/index.php?rest_route=%2Fwp%2Fv2%2Fcomments&post=4029"}],"version-history":[{"count":0,"href":"https:\/\/nasdat.com\/index.php?rest_route=\/wp\/v2\/posts\/4029\/revisions"}],"wp:attachment":[{"href":"https:\/\/nasdat.com\/index.php?rest_route=%2Fwp%2Fv2%2Fmedia&parent=4029"}],"wp:term":[{"taxonomy":"category","embeddable":true,"href":"https:\/\/nasdat.com\/index.php?rest_route=%2Fwp%2Fv2%2Fcategories&post=4029"},{"taxonomy":"post_tag","embeddable":true,"href":"https:\/\/nasdat.com\/index.php?rest_route=%2Fwp%2Fv2%2Ftags&post=4029"}],"curies":[{"name":"wp","href":"https:\/\/api.w.org\/{rel}","templated":true}]}}