{"id":3038,"date":"2009-01-04T21:35:24","date_gmt":"2009-01-04T21:35:24","guid":{"rendered":"http:\/\/nasdat.com\/?p=3038"},"modified":"2009-01-04T21:35:24","modified_gmt":"2009-01-04T21:35:24","slug":"\u00bfqu\u00e9-otra-forma-de-cuantificar-a-la-poblaci\u00f3n-ind\u00edgena?","status":"publish","type":"post","link":"https:\/\/nasdat.com\/?p=3038","title":{"rendered":"\u00bfQu\u00e9 otra forma de cuantificar a la poblaci\u00f3n ind\u00edgena?"},"content":{"rendered":"<p>10.- \u00bfQu\u00e9 otra forma de cuantificar a la poblaci\u00f3n ind\u00edgena se emplea en la actualidad?<br \/>\n\u00a0<br \/>\nLos p\u00e1rrafos en negro se refieren a: &#8221; Poblaci\u00f3n &#8221;<\/p>\n<p>A partir de la base censal del a\u00f1o 2000 preparada por el INEGI, el Consejo Nacional de Poblaci\u00f3n (CONAPO) y el Instituto Nacional Indigenista (INI) procedieron a estimar la poblaci\u00f3n ind\u00edgena tomando como unidad b\u00e1sica de la cuantificaci\u00f3n a los miembros de los hogares ind\u00edgenas: consideraron hogares ind\u00edgenas &#8220;a aquellos donde el jefe y\/o el c\u00f3nyuge y\/o padre o madre del jefe y\/o suegro o suegra del jefe hablan lengua ind\u00edgena, y tambi\u00e9n a aquellos que declararon pertenecer a un grupo ind\u00edgena (&#8230;) Cabe aclarar -acotan los autores- que en esta estimaci\u00f3n todos los miembros de estos hogares, sean hablantes o no, pertenecientes o no, se consideran ind\u00edgenas. As\u00ed, la estimaci\u00f3n de la poblaci\u00f3n ind\u00edgena para todo el pa\u00eds y aun por entidad federativa se ha realizado tomando en consideraci\u00f3n tanto el habla de lengua como la pertenencia ind\u00edgena&#8221;. (SERRANO CARRETO et al., 2002:22).<\/p>\n","protected":false},"excerpt":{"rendered":"<p>10.- \u00bfQu\u00e9 otra forma de cuantificar a la poblaci\u00f3n ind\u00edgena se emplea en la actualidad? \u00a0 Los p\u00e1rrafos en negro se refieren a: &#8221; Poblaci\u00f3n &#8221; A partir de la base censal del a\u00f1o 2000 preparada por el INEGI, el Consejo Nacional de Poblaci\u00f3n (CONAPO) y el Instituto Nacional Indigenista (INI) procedieron a estimar la poblaci\u00f3n ind\u00edgena tomando como unidad<\/p>\n","protected":false},"author":4,"featured_media":0,"comment_status":"closed","ping_status":"open","sticky":false,"template":"","format":"standard","meta":{"footnotes":""},"categories":[84],"tags":[],"class_list":["post-3038","post","type-post","status-publish","format-standard","hentry","category-poblacion"],"_links":{"self":[{"href":"https:\/\/nasdat.com\/index.php?rest_route=\/wp\/v2\/posts\/3038","targetHints":{"allow":["GET"]}}],"collection":[{"href":"https:\/\/nasdat.com\/index.php?rest_route=\/wp\/v2\/posts"}],"about":[{"href":"https:\/\/nasdat.com\/index.php?rest_route=\/wp\/v2\/types\/post"}],"author":[{"embeddable":true,"href":"https:\/\/nasdat.com\/index.php?rest_route=\/wp\/v2\/users\/4"}],"replies":[{"embeddable":true,"href":"https:\/\/nasdat.com\/index.php?rest_route=%2Fwp%2Fv2%2Fcomments&post=3038"}],"version-history":[{"count":0,"href":"https:\/\/nasdat.com\/index.php?rest_route=\/wp\/v2\/posts\/3038\/revisions"}],"wp:attachment":[{"href":"https:\/\/nasdat.com\/index.php?rest_route=%2Fwp%2Fv2%2Fmedia&parent=3038"}],"wp:term":[{"taxonomy":"category","embeddable":true,"href":"https:\/\/nasdat.com\/index.php?rest_route=%2Fwp%2Fv2%2Fcategories&post=3038"},{"taxonomy":"post_tag","embeddable":true,"href":"https:\/\/nasdat.com\/index.php?rest_route=%2Fwp%2Fv2%2Ftags&post=3038"}],"curies":[{"name":"wp","href":"https:\/\/api.w.org\/{rel}","templated":true}]}}