{"id":2904,"date":"2008-12-30T20:23:35","date_gmt":"2008-12-30T20:23:35","guid":{"rendered":"http:\/\/nasdat.com\/?p=2904"},"modified":"2008-12-30T20:23:35","modified_gmt":"2008-12-30T20:23:35","slug":"\u00bfqu\u00e9-es-la-convenci\u00f3n-de-p\u00e1tzcuaro?--2904","status":"publish","type":"post","link":"https:\/\/nasdat.com\/?p=2904","title":{"rendered":"\u00bfQu\u00e9 es la Convenci\u00f3n de P\u00e1tzcuaro?  -2904"},"content":{"rendered":"<p>75.- \u00bfQu\u00e9 es la Convenci\u00f3n de P\u00e1tzcuaro?<br \/>\n\u00a0<br \/>\nLos p\u00e1rrafos en negro se refieren a: &#8221; Historia &#8221;<\/p>\n<p>El Primer Congreso Indigenista Interamericano, celebrado en P\u00e1tzcuaro en 1940, encarg\u00f3 a la Direcci\u00f3n Provisional que elabora la Convenci\u00f3n, es decir, el documento que acordar\u00edan los &#8220;gobiernos contratantes&#8221; para concretar el conjunto de medidas acordadas. Desde entonces se conoce oficialmente a este documento como la Convenci\u00f3n de P\u00e1tzcuaro. En los preliminares que anteceden al articulado, se se\u00f1ala:<\/p>\n<p>Los Gobiernos contratantes acuerdan elucidar los problemas que afectan a los n\u00facleos ind\u00edgenas en sus respectivas jurisdicciones, y cooperar entre s\u00ed sobre las base del respeto mutuo de los derechos inherentes a su completa independencia para la resoluci\u00f3n del problema ind\u00edgena en Am\u00e9rica, por medio de reuniones peri\u00f3dicas, de un Instituto Indigenista Interamericano, y de Institutos Indigenistas Nacionales, cuya organizaci\u00f3n y funciones ser\u00e1n regidas por la presente Convenci\u00f3n.<\/p>\n<p>Los primeros pa\u00edses que ratificaron la Convenci\u00f3n fueron Bolivia, Costa Rica, Cuba, Ecuador, El Salvador, Estados Unidos, Honduras, M\u00e9xico y Per\u00fa.<\/p>\n<p>En los \u00faltimos a\u00f1os, particularmente durante la gesti\u00f3n del etn\u00f3logo Jos\u00e9 del Val, se analiz\u00f3 la posibilidad de una reforma o, como sucede actualmente en la gesti\u00f3n del maestro Guillermo Espinosa Velasco, de una reglamentaci\u00f3n de la Convenci\u00f3n.<\/p>\n","protected":false},"excerpt":{"rendered":"<p>75.- \u00bfQu\u00e9 es la Convenci\u00f3n de P\u00e1tzcuaro? \u00a0 Los p\u00e1rrafos en negro se refieren a: &#8221; Historia &#8221; El Primer Congreso Indigenista Interamericano, celebrado en P\u00e1tzcuaro en 1940, encarg\u00f3 a la Direcci\u00f3n Provisional que elabora la Convenci\u00f3n, es decir, el documento que acordar\u00edan los &#8220;gobiernos contratantes&#8221; para concretar el conjunto de medidas acordadas. Desde entonces se conoce oficialmente a este<\/p>\n","protected":false},"author":4,"featured_media":0,"comment_status":"closed","ping_status":"open","sticky":false,"template":"","format":"standard","meta":{"footnotes":""},"categories":[80],"tags":[],"class_list":["post-2904","post","type-post","status-publish","format-standard","hentry","category-historia"],"_links":{"self":[{"href":"https:\/\/nasdat.com\/index.php?rest_route=\/wp\/v2\/posts\/2904","targetHints":{"allow":["GET"]}}],"collection":[{"href":"https:\/\/nasdat.com\/index.php?rest_route=\/wp\/v2\/posts"}],"about":[{"href":"https:\/\/nasdat.com\/index.php?rest_route=\/wp\/v2\/types\/post"}],"author":[{"embeddable":true,"href":"https:\/\/nasdat.com\/index.php?rest_route=\/wp\/v2\/users\/4"}],"replies":[{"embeddable":true,"href":"https:\/\/nasdat.com\/index.php?rest_route=%2Fwp%2Fv2%2Fcomments&post=2904"}],"version-history":[{"count":0,"href":"https:\/\/nasdat.com\/index.php?rest_route=\/wp\/v2\/posts\/2904\/revisions"}],"wp:attachment":[{"href":"https:\/\/nasdat.com\/index.php?rest_route=%2Fwp%2Fv2%2Fmedia&parent=2904"}],"wp:term":[{"taxonomy":"category","embeddable":true,"href":"https:\/\/nasdat.com\/index.php?rest_route=%2Fwp%2Fv2%2Fcategories&post=2904"},{"taxonomy":"post_tag","embeddable":true,"href":"https:\/\/nasdat.com\/index.php?rest_route=%2Fwp%2Fv2%2Ftags&post=2904"}],"curies":[{"name":"wp","href":"https:\/\/api.w.org\/{rel}","templated":true}]}}