{"id":2838,"date":"2008-12-23T20:14:21","date_gmt":"2008-12-23T20:14:21","guid":{"rendered":"http:\/\/nasdat.com\/?p=2838"},"modified":"2008-12-23T20:14:21","modified_gmt":"2008-12-23T20:14:21","slug":"92.-\u00bfqu\u00e9-es-el-relator-especial-de-la-onu-para-los-derechos-indigenas?","status":"publish","type":"post","link":"https:\/\/nasdat.com\/?p=2838","title":{"rendered":"92.- \u00bfQu\u00e9 es el Relator Especial de la ONU para los derechos indigenas?"},"content":{"rendered":"<p>92.- \u00bfQu\u00e9 es el Relator Especial de la Organizaci\u00f3n de las Naciones Unidas para los Derechos Humanos y las Libertades Fundamentales de los Ind\u00edgenas?<br \/>\n\u00a0<br \/>\nLos p\u00e1rrafos en negro se refieren a: &#8221; Derecho &#8221;<\/p>\n<p>El 24 de abril de 2001, en su 57\u00b0 Periodo de Sesiones, la Comisi\u00f3n de Derechos Humanos (CDH) de la ONU aprob\u00f3 la Resoluci\u00f3n 2001\/57 para nombrar, por un periodo de tres a\u00f1os, un Relator Especial sobre la situaci\u00f3n de los derechos humanos y las libertades fundamentales de los ind\u00edgenas, nombramiento que recay\u00f3 en la persona del doctor Rodolfo Stavenhagen, distinguido cient\u00edfico social mexicano. Al t\u00e9rmino de esta encomienda, por Resoluci\u00f3n de la CDH 2004\/62 de marzo-abril de 2004, al doctor Stavenhagen le fue renovada la designaci\u00f3n por un periodo semejante.<\/p>\n<p>Entre las razones invocadas para crear la figura del Relator Especial, la Comisi\u00f3n se\u00f1al\u00f3 &#8220;que uno de los prop\u00f3sitos de las Naciones Unidas, establecido en la Carta de las Naciones Unidas, es la realizaci\u00f3n de la cooperaci\u00f3n internacional para resolver problemas internacionales de car\u00e1cter econ\u00f3mico, social, cultural o humanitario, y promover y alentar el respeto de los derechos humanos y las libertades fundamentales sin ninguna distinci\u00f3n por motivos de raza, sexo, idioma o religi\u00f3n&#8221;, y tambi\u00e9n que &#8220;la meta del Decenio Internacional de las Poblaciones Ind\u00edgenas del Mundo es el fortalecimiento de la cooperaci\u00f3n internacional para la soluci\u00f3n de problemas con que se enfrentan en esferas tales como los derechos humanos, el medio ambiente, el desarrollo, la educaci\u00f3n y la salud.&#8221;<\/p>\n<p>En la secci\u00f3n resolutiva, el documento se\u00f1ala que:<\/p>\n<p>Decidida a promover el disfrute de los derechos humanos y libertades fundamentales de los ind\u00edgenas,<\/p>\n<p>1. Decide nombrar, por un per\u00edodo de tres a\u00f1os, un relator especial sobre la situaci\u00f3n de los derechos humanos y las libertades fundamentales de los ind\u00edgenas, con el siguiente mandato:<\/p>\n<p>a. Recabar, solicitar, recibir e intercambiar informaci\u00f3n y comunicaciones de todas las fuentes pertinentes, incluidos los gobiernos, los propios ind\u00edgenas, sus comunidades y organizaciones, sobre las violaciones de sus derechos humanos y libertades fundamentales;<\/p>\n<p>b. Formular recomendaciones y propuestas sobre medidas y actividades apropiadas para prevenir y remediar las violaciones de los derechos humanos y las libertades fundamentales de los ind\u00edgenas;<\/p>\n<p>c. Trabajar en estrecha relaci\u00f3n con otros relatores especiales, representantes especiales, grupos de trabajo y expertos independientes de la Comisi\u00f3n y de la Subcomisi\u00f3n, teniendo en cuenta la solicitud de la Comisi\u00f3n contenida en su resoluci\u00f3n 1993\/30, de 5 de marzo de 1993;<\/p>\n<p>2. Invita al Relator Especial a que, en el desempe\u00f1o de su mandato, tenga en cuenta una perspectiva de g\u00e9nero, y preste especial atenci\u00f3n a la discriminaci\u00f3n en contra de las mujeres ind\u00edgenas;<\/p>\n<p>3. Invita tambi\u00e9n al Relator Especial a que preste especial atenci\u00f3n a las violaciones de los derechos humanos y las libertades fundamentales de los ni\u00f1os ind\u00edgenas;<\/p>\n<p>4. Invita adem\u00e1s al Relator Especial a que, en el desempe\u00f1o de su mandato, tenga en cuenta todas las recomendaciones del Grupo de Trabajo sobre Poblaciones Ind\u00edgenas y del Foro Permanente para las Cuestiones Ind\u00edgenas que se relacionen con su mandato;<\/p>\n<p>5. Alienta a la Conferencia Mundial contra el Racismo, la Discriminaci\u00f3n Racial, la Xenofobia y las Formas Conexas de Intolerancia a que preste especial atenci\u00f3n a la discriminaci\u00f3n contra los ind\u00edgenas y pide al relator especial que, en el desempe\u00f1o de su mandato, tenga en cuenta las recomendaciones de esta Conferencia Mundial que se refieran a asuntos incluidos en su mandato;<\/p>\n<p>6. Exhorta a las Naciones Unidas, incluidos a sus organismos especializados, otras organizaciones intergubernamentales regionales, gobiernos, expertos independientes, instituciones interesadas, organizaciones no gubernamentales, y, en particular, a los ind\u00edgenas, a que cooperen lo m\u00e1s ampliamente posible con el relator especial en el desempe\u00f1o de su mandato;<\/p>\n<p>7. Pide a todos los gobiernos que cooperen plenamente con el relator especial en el desempe\u00f1o de las funciones y deberes que le han sido encomendados, que le suministren toda la informaci\u00f3n solicitada y que respondan prontamente a sus llamamientos urgentes;<\/p>\n<p>8. Alienta a todos los gobiernos a que consideren seriamente la posibilidad de invitar al relator especial a visitar sus pa\u00edses a fin de que pueda desempe\u00f1ar con eficacia su mandato;<\/p>\n<p>9. Pide al Presidente de la Comisi\u00f3n que, tras celebrar consultas oficiales con los miembros de la Mesa y los grupos regionales, por conducto de sus coordinadores, nombre como relator especial a una persona de reconocido prestigio y experiencia internacionales;<\/p>\n<p>10. Pide al relator especial que presente a la Comisi\u00f3n un informe anual sobre sus actividades, el primero de ellos en su 58\u00ba per\u00edodo de sesiones;<\/p>\n<p>11. Pide al Secretario General y a la Alta Comisionada de las Naciones Unidas para los Derechos Humanos que presten al relator especial toda la asistencia humana, t\u00e9cnica y financiera necesaria para el desempe\u00f1o de su mandato;<\/p>\n<p>12. Decide examinar el seguimiento de esta cuesti\u00f3n, como cuesti\u00f3n de prioridad, en su 58\u00ba per\u00edodo de sesiones, en relaci\u00f3n con el mismo tema de su programa. (ONU, 2001. ONU, 2004).<\/p>\n","protected":false},"excerpt":{"rendered":"<p>92.- \u00bfQu\u00e9 es el Relator Especial de la Organizaci\u00f3n de las Naciones Unidas para los Derechos Humanos y las Libertades Fundamentales de los Ind\u00edgenas? \u00a0 Los p\u00e1rrafos en negro se refieren a: &#8221; Derecho &#8221; El 24 de abril de 2001, en su 57\u00b0 Periodo de Sesiones, la Comisi\u00f3n de Derechos Humanos (CDH) de la ONU aprob\u00f3 la Resoluci\u00f3n 2001\/57<\/p>\n","protected":false},"author":4,"featured_media":0,"comment_status":"closed","ping_status":"open","sticky":false,"template":"","format":"standard","meta":{"footnotes":""},"categories":[76],"tags":[],"class_list":["post-2838","post","type-post","status-publish","format-standard","hentry","category-derecho"],"_links":{"self":[{"href":"https:\/\/nasdat.com\/index.php?rest_route=\/wp\/v2\/posts\/2838","targetHints":{"allow":["GET"]}}],"collection":[{"href":"https:\/\/nasdat.com\/index.php?rest_route=\/wp\/v2\/posts"}],"about":[{"href":"https:\/\/nasdat.com\/index.php?rest_route=\/wp\/v2\/types\/post"}],"author":[{"embeddable":true,"href":"https:\/\/nasdat.com\/index.php?rest_route=\/wp\/v2\/users\/4"}],"replies":[{"embeddable":true,"href":"https:\/\/nasdat.com\/index.php?rest_route=%2Fwp%2Fv2%2Fcomments&post=2838"}],"version-history":[{"count":0,"href":"https:\/\/nasdat.com\/index.php?rest_route=\/wp\/v2\/posts\/2838\/revisions"}],"wp:attachment":[{"href":"https:\/\/nasdat.com\/index.php?rest_route=%2Fwp%2Fv2%2Fmedia&parent=2838"}],"wp:term":[{"taxonomy":"category","embeddable":true,"href":"https:\/\/nasdat.com\/index.php?rest_route=%2Fwp%2Fv2%2Fcategories&post=2838"},{"taxonomy":"post_tag","embeddable":true,"href":"https:\/\/nasdat.com\/index.php?rest_route=%2Fwp%2Fv2%2Ftags&post=2838"}],"curies":[{"name":"wp","href":"https:\/\/api.w.org\/{rel}","templated":true}]}}