{"id":2837,"date":"2008-12-23T20:12:26","date_gmt":"2008-12-23T20:12:26","guid":{"rendered":"http:\/\/nasdat.com\/?p=2837"},"modified":"2008-12-23T20:12:26","modified_gmt":"2008-12-23T20:12:26","slug":"-\u00bfqu\u00e9-es-el-foro-permanente-sobre-cuestiones-ind\u00edgenas-de-la-onu?","status":"publish","type":"post","link":"https:\/\/nasdat.com\/?p=2837","title":{"rendered":"\u00bfQu\u00e9 es el Foro Permanente sobre Cuestiones Ind\u00edgenas de la ONU?"},"content":{"rendered":"<p>91.- \u00bfQu\u00e9 es el Foro Permanente sobre Cuestiones Ind\u00edgenas de la Organizaci\u00f3n de las Naciones Unidas?<br \/>\n\u00a0<br \/>\nLos p\u00e1rrafos en negro se refieren a: &#8221; Derecho &#8221;<\/p>\n<p>Durante la Conferencia Mundial de Derechos Humanos en Viena, en 1993, se recomend\u00f3 por primera vez el establecimiento de un Foro Permanente que analizara las cuestiones ind\u00edgenas en el sistema de las Naciones Unidas.<\/p>\n<p>Con el fin de establecer ese foro permanente se celebraron dos talleres de Naciones Unidas. El primero se llev\u00f3 a cabo en Copenhague, Dinamarca, en 1995, y el segundo en Santiago de Chile, en 1997. Posteriormente, un estudio por parte del Secretario General (documento A\/51\/493) apoy\u00f3 la creaci\u00f3n de un foro permanente.<\/p>\n<p>Debido a los avances alcanzados en el tema, en febrero de 1999 un grupo de trabajo ad hoc de la Comisi\u00f3n de Derechos Humanos se reuni\u00f3 en Ginebra para elaborar propuestas para el foro. Al a\u00f1o siguiente se celebr\u00f3 una nueva reuni\u00f3n para terminar de completar una propuesta para la Comisi\u00f3n de Derechos Humanos.<\/p>\n<p>Es as\u00ed que en el 2000, en su 56\u00ba periodo de sesiones, la Comisi\u00f3n de Derechos Humanos decidi\u00f3 recomendar al Consejo Econ\u00f3mico y Social que estableciera un foro permanente sobre cuestiones ind\u00edgenas y el 28 de julio del mismo a\u00f1o el ECOSOC adopt\u00f3 la resoluci\u00f3n E\/RES\/2000\/22 que establece el Foro Permanente sobre Cuestiones Ind\u00edgenas.<\/p>\n<p>El Foro Permanente tiene como mandato servir como consejero del Consejo Econ\u00f3mico y Social, y facultades para abordar y discutir aquellas cuestiones ind\u00edgenas relacionadas con el desarrollo econ\u00f3mico y social, cultura, medio ambiente, educaci\u00f3n, salud y el conjunto de derechos civiles y pol\u00edticos.<\/p>\n<p>Para lograr este prop\u00f3sito debe realizar las siguientes funciones:<\/p>\n<p>\u00a0 \u00a0 *<br \/>\n\u00a0 \u00a0 \u00a0 Proporcionar el consejo de expertos y recomendaciones sobre cuestiones ind\u00edgenas al ECOSOC, as\u00ed como a todos aquellos programas, fondos, cuerpos y agencias de Naciones Unidas que desarrollan sus actividades a trav\u00e9s del Consejo<\/p>\n<p>\u00a0 \u00a0 *<br \/>\n\u00a0 \u00a0 \u00a0 Impulsar la sensibilizaci\u00f3n y promocionar la integraci\u00f3n y coordinaci\u00f3n de todas aquellas actividades relacionadas con cuestiones ind\u00edgenas en el seno del sistema de Naciones Unidas<\/p>\n<p>\u00a0 \u00a0 * Elaborar y difundir informaci\u00f3n acerca de cuestiones ind\u00edgenas <\/p>\n<p>En la Resoluci\u00f3n E\/RES\/2000\/22 se establece que el Foro Permanente se reunir\u00e1 anualmente durante diez d\u00edas y preparar\u00e1 un informe sobre sus actividades que ser\u00e1 presentado ante el Consejo, incluyendo cualquier recomendaci\u00f3n que se presente para ser aprobada. El informe ser\u00e1 igualmente distribuido a todos aquellos programas, fondos, cuerpos y agencias de Naciones Unidas pertinentes para fortalecer y enriquecer el dialogo sobre cuestiones ind\u00edgenas en el sistema de Naciones Unidas.<\/p>\n<p>El Foro est\u00e1 compuesto por 16 expertos independientes, ocho de los cuales ser\u00e1n nominados por autoridades gubernamentales nacionales y 8 m\u00e1s nombrados por el presidente del ECOSOC. Todos los miembros desarrollan sus actividades durante un per\u00edodo de tres a\u00f1os, con la posibilidad de volver a ser nombrados por un a\u00f1o m\u00e1s.<\/p>\n<p>La primera sesi\u00f3n del Foro Permanente sobre Cuestiones Ind\u00edgenas se realiz\u00f3 en la sede central de Naciones Unidas en Nueva York entre el 13 y el 24 de mayo de 2002. La agenda provisional incluy\u00f3 un debate general y una revisi\u00f3n de las actividades del sistema de Naciones Unidas en relaci\u00f3n con los pueblos ind\u00edgenas. Las reuniones se llevaron a cabo en el complejo de Naciones Unidas.<\/p>\n<p>Entre los participantes se encontraban pueblos ind\u00edgenas, estados, agencias y \u00f3rganos de Naciones Unidas, organizaciones intergubernamentales y organizaciones no gubernamentales con estatus consultivo ante el Consejo Econ\u00f3mico y Social.<\/p>\n<p>La Alta Comisionada de Naciones Unidas para los Derechos Humanos al momento de proponerse la creaci\u00f3n del Foro, Mary Robinson, se\u00f1al\u00f3: &#8220;El Foro Permanente promete dar a los pueblos ind\u00edgenas una voz \u00fanica en el seno del sistema Naciones Unidas, a la altura de los may\u00fasculos problemas que muchas personas ind\u00edgenas contin\u00faan padeciendo, pero tambi\u00e9n con la valiosa contribuci\u00f3n que ellos hacen al dialogo por los derechos humanos, a nivel local, nacional e internacional&#8221;.<\/p>\n<p>En sus sesiones de 2003 y 2004 (12 al 23 de mayo, y 10 al 21 de mayo, respectivamente) el Foro inici\u00f3 el an\u00e1lisis de los seis temas prioritarios (desarrollo econ\u00f3mico y social, cultura, derechos humanos, medio ambiente, salud y educaci\u00f3n) y produjo un conjunto de recomendaciones dirigidas a los estados miembros, a las Agencias de Naciones Unidas y a otros organismos financieros o de la cooperaci\u00f3n internacional. La sesi\u00f3n de 2003 tuvo como tema &#8220;La ni\u00f1ez y la juventud ind\u00edgenas&#8221;, y la de 2004 &#8220;Las mujeres ind\u00edgenas&#8221;.<\/p>\n","protected":false},"excerpt":{"rendered":"<p>91.- \u00bfQu\u00e9 es el Foro Permanente sobre Cuestiones Ind\u00edgenas de la Organizaci\u00f3n de las Naciones Unidas? \u00a0 Los p\u00e1rrafos en negro se refieren a: &#8221; Derecho &#8221; Durante la Conferencia Mundial de Derechos Humanos en Viena, en 1993, se recomend\u00f3 por primera vez el establecimiento de un Foro Permanente que analizara las cuestiones ind\u00edgenas en el sistema de las Naciones<\/p>\n","protected":false},"author":4,"featured_media":0,"comment_status":"closed","ping_status":"open","sticky":false,"template":"","format":"standard","meta":{"footnotes":""},"categories":[76],"tags":[],"class_list":["post-2837","post","type-post","status-publish","format-standard","hentry","category-derecho"],"_links":{"self":[{"href":"https:\/\/nasdat.com\/index.php?rest_route=\/wp\/v2\/posts\/2837","targetHints":{"allow":["GET"]}}],"collection":[{"href":"https:\/\/nasdat.com\/index.php?rest_route=\/wp\/v2\/posts"}],"about":[{"href":"https:\/\/nasdat.com\/index.php?rest_route=\/wp\/v2\/types\/post"}],"author":[{"embeddable":true,"href":"https:\/\/nasdat.com\/index.php?rest_route=\/wp\/v2\/users\/4"}],"replies":[{"embeddable":true,"href":"https:\/\/nasdat.com\/index.php?rest_route=%2Fwp%2Fv2%2Fcomments&post=2837"}],"version-history":[{"count":0,"href":"https:\/\/nasdat.com\/index.php?rest_route=\/wp\/v2\/posts\/2837\/revisions"}],"wp:attachment":[{"href":"https:\/\/nasdat.com\/index.php?rest_route=%2Fwp%2Fv2%2Fmedia&parent=2837"}],"wp:term":[{"taxonomy":"category","embeddable":true,"href":"https:\/\/nasdat.com\/index.php?rest_route=%2Fwp%2Fv2%2Fcategories&post=2837"},{"taxonomy":"post_tag","embeddable":true,"href":"https:\/\/nasdat.com\/index.php?rest_route=%2Fwp%2Fv2%2Ftags&post=2837"}],"curies":[{"name":"wp","href":"https:\/\/api.w.org\/{rel}","templated":true}]}}