{"id":2819,"date":"2008-12-23T19:56:09","date_gmt":"2008-12-23T19:56:09","guid":{"rendered":"http:\/\/nasdat.com\/?p=2819"},"modified":"2008-12-23T19:56:09","modified_gmt":"2008-12-23T19:56:09","slug":"67.-\u00bfqu\u00e9-es-la-unidad-especializada-para-la-atenci\u00f3n-de-asuntos-ind\u00edgenas?","status":"publish","type":"post","link":"https:\/\/nasdat.com\/?p=2819","title":{"rendered":"67.- \u00bfQu\u00e9 es la Unidad Especializada para la Atenci\u00f3n de Asuntos Ind\u00edgenas?"},"content":{"rendered":"<p>67.- \u00bfQu\u00e9 es la Unidad Especializada para la Atenci\u00f3n de Asuntos Ind\u00edgenas, de la Procuradur\u00eda General de la Rep\u00fablica?<br \/>\n\u00a0<br \/>\nLos p\u00e1rrafos en negro se refieren a: &#8221; Derecho &#8221;<\/p>\n<p>Por Acuerdo N\u00b0 A\/067\/03 de la Procuradur\u00eda General de la Rep\u00fablica, publicado en el Diario Oficial de la Federaci\u00f3n de 24 de julio de 2003, se cre\u00f3 la Unidad Especializada para la Atenci\u00f3n de Asuntos Ind\u00edgenas, adscrita a la Subprocuradur\u00eda de Derechos Humanos, Atenci\u00f3n a V\u00edctimas y Servicios a la Comunidad. Para su creaci\u00f3n se tuvo en cuenta lo dispuesto el art\u00edculo 2\u00b0 de la Constituci\u00f3n Pol\u00edtica de los Estados Unidos Mexicanos respecto de la composici\u00f3n pluricultural de la Naci\u00f3n y considerando la &#8220;obligaci\u00f3n de las autoridades federales, estatales y municipales [de] promover la igualdad de oportunidades de los ind\u00edgenas, mediante la promoci\u00f3n del respeto y protecci\u00f3n al desarrollo de sus lenguas, culturas, usos, costumbres y formas espec\u00edficas de organizaci\u00f3n social; adem\u00e1s de garantizar a los integrantes de los pueblos y comunidades ind\u00edgenas, el acceso efectivo a la procuraci\u00f3n y administraci\u00f3n de justicia a trav\u00e9s del establecimiento de instituciones que determinar\u00e1n las pol\u00edticas necesarias para garantizar la vigencia de sus derechos y su desarrollo integral, las cuales deber\u00e1n ser dise\u00f1adas y operadas de manera conjunta, eliminando cualquier pr\u00e1ctica discriminatoria.<\/p>\n<p>&#8220;Que la autoridad judicial o administrativa, cuya funci\u00f3n es, en esencia, aplicar la ley, deber\u00e1 hacerlo interpret\u00e1ndola con un profundo sentido humanista, al tratar con ind\u00edgenas, con sus circunstancias, legua, identidad, cultura, usos y costumbres;(&#8230;)<\/p>\n<p>&#8220;Que por tales motivos, se requiere que la procuraci\u00f3n de justicia tome en cuenta a los ind\u00edgenas, ya sean sujetos activos o pasivos del delito; que los Agentes del Ministerio P\u00fablico de la Federaci\u00f3n ejerzan su funci\u00f3n en representaci\u00f3n de la sociedad y tengan presente que los ind\u00edgenas tambi\u00e9n son parte de ella.&#8221; (Diario Oficial de la Federaci\u00f3n, 24-06-03: 16-17)<\/p>\n<p>Entre las facultades otorgadas a la Unidad se encuentran la de conocer los delitos federales no considerados como delincuencia organizada, en los est\u00e9n involucradas personas de pueblos o comunidades ind\u00edgenas; conocer las averiguaciones previas respecto de los cuales ejercite la facultad de atracci\u00f3n; reunir la informaci\u00f3n necesaria de los ind\u00edgenas sujetos a procedimiento y proporcionar datos sobre cultura, lengua, tradiciones, usos y costumbres; brindar seguridad jur\u00eddica a los ind\u00edgenas sujetos a procedimiento; solicitar informaci\u00f3n a otras \u00e1reas para verificar que el proceso penal no presente irregularidades; formular opiniones t\u00e9cnico jur\u00eddicas; atender y dar respuesta a las peticiones que formulen agentes del Ministerio P\u00fablico Federal; gestionar el apoyo de traductores durante el proceso penal cuando ello sea necesario por la condici\u00f3n de hablante del indiciado; gestionar ante la CDI el pago de la garant\u00eda o cauci\u00f3n que fije al ind\u00edgena el Ministerio P\u00fablico Federal; gestionar beneficios preliberacionales que la ley otorgue y que beneficien a los ind\u00edgenas; y participar en programas de difusi\u00f3n, cursos, conferencias y foros, a fin de promover y fomentar el respeto a los derechos humanos de los pueblos ind\u00edgenas.&#8221; (Ibid.:18-19).<\/p>\n","protected":false},"excerpt":{"rendered":"<p>67.- \u00bfQu\u00e9 es la Unidad Especializada para la Atenci\u00f3n de Asuntos Ind\u00edgenas, de la Procuradur\u00eda General de la Rep\u00fablica? \u00a0 Los p\u00e1rrafos en negro se refieren a: &#8221; Derecho &#8221; Por Acuerdo N\u00b0 A\/067\/03 de la Procuradur\u00eda General de la Rep\u00fablica, publicado en el Diario Oficial de la Federaci\u00f3n de 24 de julio de 2003, se cre\u00f3 la Unidad Especializada<\/p>\n","protected":false},"author":4,"featured_media":0,"comment_status":"closed","ping_status":"open","sticky":false,"template":"","format":"standard","meta":{"footnotes":""},"categories":[76],"tags":[],"class_list":["post-2819","post","type-post","status-publish","format-standard","hentry","category-derecho"],"_links":{"self":[{"href":"https:\/\/nasdat.com\/index.php?rest_route=\/wp\/v2\/posts\/2819","targetHints":{"allow":["GET"]}}],"collection":[{"href":"https:\/\/nasdat.com\/index.php?rest_route=\/wp\/v2\/posts"}],"about":[{"href":"https:\/\/nasdat.com\/index.php?rest_route=\/wp\/v2\/types\/post"}],"author":[{"embeddable":true,"href":"https:\/\/nasdat.com\/index.php?rest_route=\/wp\/v2\/users\/4"}],"replies":[{"embeddable":true,"href":"https:\/\/nasdat.com\/index.php?rest_route=%2Fwp%2Fv2%2Fcomments&post=2819"}],"version-history":[{"count":0,"href":"https:\/\/nasdat.com\/index.php?rest_route=\/wp\/v2\/posts\/2819\/revisions"}],"wp:attachment":[{"href":"https:\/\/nasdat.com\/index.php?rest_route=%2Fwp%2Fv2%2Fmedia&parent=2819"}],"wp:term":[{"taxonomy":"category","embeddable":true,"href":"https:\/\/nasdat.com\/index.php?rest_route=%2Fwp%2Fv2%2Fcategories&post=2819"},{"taxonomy":"post_tag","embeddable":true,"href":"https:\/\/nasdat.com\/index.php?rest_route=%2Fwp%2Fv2%2Ftags&post=2819"}],"curies":[{"name":"wp","href":"https:\/\/api.w.org\/{rel}","templated":true}]}}