{"id":2801,"date":"2008-12-19T20:10:45","date_gmt":"2008-12-19T20:10:45","guid":{"rendered":"http:\/\/nasdat.com\/?p=2801"},"modified":"2008-12-19T20:10:45","modified_gmt":"2008-12-19T20:10:45","slug":"emiliano-zolla-m\u00e1rquez","status":"publish","type":"post","link":"https:\/\/nasdat.com\/?p=2801","title":{"rendered":"Emiliano Zolla M\u00e1rquez"},"content":{"rendered":"<p>Emiliano Zolla M\u00e1rquez<\/p>\n<p>Naci\u00f3 en la ciudad de M\u00e9xico en 1978.\u00a0 Estudi\u00f3 Historia en la Facultad de Filosof\u00eda y Letras de la UNAM (tesis: Estado, antropolog\u00eda e ind\u00edgenas en el M\u00e9xico posrevolucionario). Ha sido becario del SIN (1999-2001), participando en el proyecto M\u00e9xico y Espa\u00f1a en el primer franquismo 1939-1950: rupturas formales, relaciones oficiosas (M\u00e9xico, El Colegio de M\u00e9xico, 2001), coordinado por la doctora Clara Lida.\u00a0 Realiz\u00f3 la investigaci\u00f3n iconogr\u00e1fica para la colecci\u00f3n Historia de los pueblos ind\u00edgenas de M\u00e9xico (M\u00e9xico, Santillana, 2004), coordinada por el doctor Federico Navarrete Linares.\u00a0 Articulista de la revista Encuesta, en 2003, actualmente colabora en la edici\u00f3n de la revista Am\u00e9rica Ind\u00edgena e investiga en el archivo hist\u00f3rico del Instituto Indigenista Americano.<\/p>\n","protected":false},"excerpt":{"rendered":"<p>Emiliano Zolla M\u00e1rquez Naci\u00f3 en la ciudad de M\u00e9xico en 1978.\u00a0 Estudi\u00f3 Historia en la Facultad de Filosof\u00eda y Letras de la UNAM (tesis: Estado, antropolog\u00eda e ind\u00edgenas en el M\u00e9xico posrevolucionario). Ha sido becario del SIN (1999-2001), participando en el proyecto M\u00e9xico y Espa\u00f1a en el primer franquismo 1939-1950: rupturas formales, relaciones oficiosas (M\u00e9xico, El Colegio de M\u00e9xico, 2001),<\/p>\n","protected":false},"author":4,"featured_media":0,"comment_status":"closed","ping_status":"open","sticky":false,"template":"","format":"standard","meta":{"footnotes":""},"categories":[73],"tags":[],"class_list":["post-2801","post","type-post","status-publish","format-standard","hentry","category-los-pueblos-indigenas-de-mexico-100-preguntas"],"_links":{"self":[{"href":"https:\/\/nasdat.com\/index.php?rest_route=\/wp\/v2\/posts\/2801","targetHints":{"allow":["GET"]}}],"collection":[{"href":"https:\/\/nasdat.com\/index.php?rest_route=\/wp\/v2\/posts"}],"about":[{"href":"https:\/\/nasdat.com\/index.php?rest_route=\/wp\/v2\/types\/post"}],"author":[{"embeddable":true,"href":"https:\/\/nasdat.com\/index.php?rest_route=\/wp\/v2\/users\/4"}],"replies":[{"embeddable":true,"href":"https:\/\/nasdat.com\/index.php?rest_route=%2Fwp%2Fv2%2Fcomments&post=2801"}],"version-history":[{"count":0,"href":"https:\/\/nasdat.com\/index.php?rest_route=\/wp\/v2\/posts\/2801\/revisions"}],"wp:attachment":[{"href":"https:\/\/nasdat.com\/index.php?rest_route=%2Fwp%2Fv2%2Fmedia&parent=2801"}],"wp:term":[{"taxonomy":"category","embeddable":true,"href":"https:\/\/nasdat.com\/index.php?rest_route=%2Fwp%2Fv2%2Fcategories&post=2801"},{"taxonomy":"post_tag","embeddable":true,"href":"https:\/\/nasdat.com\/index.php?rest_route=%2Fwp%2Fv2%2Ftags&post=2801"}],"curies":[{"name":"wp","href":"https:\/\/api.w.org\/{rel}","templated":true}]}}