{"id":2796,"date":"2008-12-19T20:08:24","date_gmt":"2008-12-19T20:08:24","guid":{"rendered":"http:\/\/nasdat.com\/?p=2796"},"modified":"2008-12-19T20:08:24","modified_gmt":"2008-12-19T20:08:24","slug":"bibliografia-2796","status":"publish","type":"post","link":"https:\/\/nasdat.com\/?p=2796","title":{"rendered":"Bibliografia-2796"},"content":{"rendered":"<p>Bibliograf\u00eda<\/p>\n<p> AGUIRRE BELTR\u00c1N, Gonzalo, Programas de salud en la situaci\u00f3n intercultural, M\u00e9xico, FCE-INI-UV, Gobierno del Estado de Veracruz, 1994. [1955].<\/p>\n<p> AGUIRRE BELTR\u00c1N, Gonzalo, Cr\u00edtica antropol\u00f3gica, M\u00e9xico, FCE-INI-UV-Gobierno del Estado de Veracruz, 1990. [Re\u00fane trabajos de 1968 y 1971, principalmente]<\/p>\n<p> AGUIRRE BELTR\u00c1N, Gonzalo, Obra pol\u00e9mica, M\u00e9xico, FCE-INI-UV, Gobierno del Estado de Veracruz, 1992a.<\/p>\n<p> AGUIRRE BELTR\u00c1N, Gonzalo, El proceso de aculturaci\u00f3n y el cambio socio-cultural en M\u00e9xico, M\u00e9xico, FCE-INI-UV, Gobierno del Estado de Veracruz, 1992b.[1957]<\/p>\n<p> AGUIRRE BELTR\u00c1N, Gonzalo, El pensar y el quehacer antropol\u00f3gico en M\u00e9xico, Puebla, Pue., Benem\u00e9rita Universidad Aut\u00f3noma de Puebla, 1994.<\/p>\n<p> AGUIRRE BELTR\u00c1N, Gonzalo y Ricardo POZAS ARCINIEGA, La pol\u00edtica indigenista en M\u00e9xico. M\u00e9todos y resultados, M\u00e9xico, INI-SEP, 1981 [1954], Tomo II, Instituciones ind\u00edgenas del M\u00e9xico actual.<\/p>\n<p> ARGUETA VILLAMAR, Arturo (Coord. Gral.), Atlas de las plantas de la medicina tradicional mexicana, M\u00e9xico, INI, 1994, 3 vols.<\/p>\n<p> BANCO MUNDIAL, Pol\u00edtica del Banco Mundial sobre los Pueblos Ind\u00edgenas. Tema de discusi\u00f3n para la revisi\u00f3n de la Directriz Operativa DO 4.20, Banco Mundial, Washington, D. C., 20 de julio de 1998. (URL: http:\/\/worlbank.org\/).<\/p>\n<p> BARABAS, Alicia M., Utop\u00edas indias. Movimientos sociorreligiosos en M\u00e9xico, Quito, Ecuador, Abya Yala, 2000.<\/p>\n<p> BARTOLOM\u00c9, Miguel Alberto, Gente de costumbre, gente de raz\u00f3n. Las identidades \u00e9tnicas en M\u00e9xico, M\u00e9xico, Siglo XXI-INI, 1997.<\/p>\n<p> BARTOLOM\u00c9, Miguel A. y Alicia BARABAS (Coords.), Autoonom\u00edas \u00e9tnicas y Estados nacionales, M\u00e9xico, INAH, 1998.<\/p>\n<p> BONFIL, Guillermo, \u0093El concepto de indio en Am\u00e9rica: una categor\u00eda de la situaci\u00f3n colonial\u0094, en Obras escogidas de Guillermo Bonfil. Selecci\u00f3n y recopilaci\u00f3n de Lina Odena G\u00fcemes, M\u00e9xico, INI-INAH-DGCP-CONACULTA-FIFONAFE\/SRA-CIESAS, 1995 [1972]. Tomo I, Obra Publicada: 337-357.<\/p>\n<p> BONFIL, Guillermo, Mario IBARRA, Stefano VARESE, Domingo VERISSIMO, Julio TUMIRI et al., Am\u00e9rica Latina: etnodesarrollo y etnocidio, San Jos\u00e9, Costa Rica, FLACSO, 1982.<\/p>\n<p> BONFIL BATALLA, Guillermo, \u0093El etnodesarrollo: sus premisas jur\u00eddicas. Pol\u00edticas y de organizaci\u00f3n\u0094 en BONFIL, Guillermo, Mario IBARRA, Stefano VARESE, Domingo VERISSIMO, Julio TUMIRI et al., Am\u00e9rica Latina: etnodesarrollo y etnocidio, San Jos\u00e9, Costa Rica, FLACSO, 1982:133-145.<\/p>\n<p> CANCIAN, Frank, \u0093Organizaciones pol\u00edticas y religiosas\u0094 en KORSBAEK, Leif, Introducci\u00f3n al sistema de cargos, M\u00e9xico, Universidad Aut\u00f3noma del Estado de M\u00e9xico, 1996: 193-226.<\/p>\n<p> CASO, Alfonso, \u0093Definici\u00f3n del indio y lo indio\u0094, en Homenaje a Alfonso Caso. Obras escogidas, M\u00e9xico, Patronato para el Fomento de Actividades Culturales y de Asistencia Social a las Comunidades Ind\u00edgenas, A. C., 1996 [1948, en Am\u00e9rica Ind\u00edgena, Vol. 8, pp. 275-280]: 331-338.<\/p>\n<p> CECE\u00d1A, Ana Esther, \u0093El reconocimiento de los derechos y cultura ind\u00edgenas y la incompetencia del sistema pol\u00edtico mexicano\u0094, en Derechos ind\u00edgenas y los Acuerdos de San Andr\u00e9s, s\/f. (URL: http:\/\/www.ezln.org\/san__andres\/).<\/p>\n<p> COLOM, Francisco, Razones de identidad. Pluralismo cultural e integraci\u00f3n pol\u00edtica, Barcelona, Anthropos, 1998.<\/p>\n<p> COMISI\u00d3N NACIONAL DE DERECHOS HUMANOS, \u0093La Cuarta Visitadur\u00eda General\u0094. (URL:http:\/\/www.cndh.org\/).<\/p>\n<p> CONABIO (COMISI\u00d3N NACIONAL PARA EL CONOCIMIENTO Y USO DE LA BIODIVERSIDAD), El Convenio sobre la Diversidad Biol\u00f3gica. (URL: http:\/\/www.conabio.gob.mx).<\/p>\n<p> Constituci\u00f3n Pol\u00edtica de los Estados Unidos Mexicanos<br \/>\nCONAPO (CONSEJO NACIONAL DE POBLACI\u00d3N), \u0093Concepto y dimensiones de la marginaci\u00f3n\u0094 en \u00cdndices de marginaci\u00f3n 2000, M\u00e9xico, CONAPO, 2000.<\/p>\n<p> CONAPO (CONSEJO NACIONAL DE POBLACI\u00d3N), Desaf\u00edos en salud reproductiva de la poblaci\u00f3n ind\u00edgena, M\u00e9xico, Secretar\u00eda General del Consejo Nacional de Poblaci\u00f3n, 9 de enero de 2004. Documento multicopiado.<\/p>\n<p> CONACULTA (CONSEJO NACIONAL PARA LA CULTURA Y LAS ARTES), Programa de la Direcci\u00f3n General de Culturas Populares e Ind\u00edgenas, 2003 (URL: http:\/\/conaculta.gob.mx\/).<\/p>\n<p> CONGRESO NACIONAL IND\u00cdGENA, El movimiento nacional ind\u00edgena, M\u00e9xico, 1997 (URL: http:\/\/www.laneta.apc.org\/cni\/mh-mni.htm).<\/p>\n<p> Convenio N\u00b0 169 sobre pueblos ind\u00edgenas y tribales en pa\u00edses independientes de la Organizaci\u00f3n Internacional del Trabajo (OIT).<\/p>\n<p> COOK, Sherburne F. y Woodrow BORAH, \u0093El siglo de la depresi\u00f3n en Nueva Espa\u00f1a\u0094, en El pasado de M\u00e9xico. Aspectos sociodemogr\u00e1ficos, M\u00e9xico, FCE, 1989: 213-279.<\/p>\n<p> COORDINACI\u00d3N GENERAL DE EDUCACI\u00d3N INTERCULTURAL BILING\u00dcE, 2001. CGEIB (URL: http:\/\/eib.sep.gob.mx\/).<\/p>\n<p> DAES, Erica-Irene A., Protecci\u00f3n del Patrimonio de los Pueblos Ind\u00edgenas, Subcomisi\u00f3n de Prevenci\u00f3n de Discriminaciones y Protecci\u00f3n de las Minor\u00edas de la ONU, ONU, 1995. (E\/CN.4\/Sub.2\/1995\/26).<\/p>\n<p> DE LA CRUZ, V\u00edctor, \u0093Literatura ind\u00edgena: el caso de los zapotecos del Istmo\u0094, en MONTEMAYOR, Carlos (Coord.), Situaci\u00f3n actual y perspectivas de la literatura en lenguas ind\u00edgenas, M\u00e9xico, Consejo Nacional para la Cultura y las Artes. Seminario Pensar la Cultura, 1993:139-154.<\/p>\n<p> DE LA PE\u00d1A, Guillermo, \u0093\u00bfUn concepto operativo de lo \u0091indio\u0092?\u0094, en INSTITUTO NACIONAL INDIGENISTA, Estado del desarrollo econ\u00f3mico y social de los pueblos ind\u00edgenas. Primer informe, M\u00e9xico, INI-PNUD, 2000: 24-25 (Recuadro).<\/p>\n<p> DE VOS, Jan, Una tierra para sembrar sue\u00f1os: historia reciente de la selva Lacandona, M\u00e9xico, CIESAS-FCE, 2002.<br \/>\nDiario Oficial de la Federaci\u00f3n: URL: http:\/\/www.gobernacion.gob.mx\/ dof\/pop.php)<\/p>\n<p>D\u00cdAZ-COUDER CABRAL, Ernesto, \u0093Situaci\u00f3n actual de las lenguas amerindias\u0094, en INSTITUTO NACIONAL INDIGENISTA, Estado del desarrollo econ\u00f3mico y social de los pueblos ind\u00edgenas de M\u00e9xico. Primer informe, M\u00e9xico, INI-PNUD, 2000: 65-140.<\/p>\n<p> D\u00cdAZ G\u00d3MEZ, Floriberto, \u0093Conceptos fundamentales para la defensa de los derechos de los pueblos ind\u00edgenas\u0094 en INSTITUTO NACIONAL INDIGENISTA, Estado del desarrollo econ\u00f3mico y social de los pueblos ind\u00edgenas de M\u00e9xico. Primer informe, M\u00e9xico, INI-PNUD, 2000a:423-425.<\/p>\n<p> D\u00cdAZ G\u00d3MEZ, Floriberto, \u0093Derechos humanos y derechos fundamentales de los pueblos ind\u00edgenas\u0094, La Jornada Semanal, M\u00e9xico, 11 de marzo de 2001 (2201a).<\/p>\n<p> D\u00cdAZ G\u00d3MEZ, Floriberto, \u0093Derechos humanos y derechos fundamentales de los pueblos ind\u00edgenas\u0094, La Jornada Semanal, M\u00e9xico, 11 de marzo de 2001 (2001b).<\/p>\n<p> D\u00cdAZ-POLANCO, H\u00e9ctor, \u0093Autonom\u00eda, territorialidad y comunidad ind\u00edgena. La nueva legislaci\u00f3n agraria en M\u00e9xico\u0094, en CHENAUT, Victoria y Mar\u00eda Teresa SIERRA (Coords.), Pueblos ind\u00edgenas ante el derecho, M\u00e9xico, CEMCA-CIESAS, 1995: 231-259.<\/p>\n<p> D\u00cdAZ-POLANCO, H\u00e9ctor, La rebeli\u00f3n zapatista y la autonom\u00eda, M\u00e9xico, Siglo XXI, 1997. <\/p>\n<p> DUVIGNAUD, Jean, El sacrificio in\u00fatil, M\u00e9xico, FCE, 1979.<\/p>\n<p> ESPINOZA SAUCEDA, Guadalupe, Yuri ESCALANTE BETANCOURT, Ximena GALLEGOS TOUSSAINT, Francisco L\u00d3PEZ B\u00c1RCENAS y Abigail Z\u00da\u00d1IGA BALDERAS, Los derechos ind\u00edgenas y la reforma constitucional en M\u00e9xico, M\u00e9xico, Centro de Orientaci\u00f3n y Asesor\u00eda a Pueblos Ind\u00edgenas, 2001.<\/p>\n<p> EZLN (Ej\u00e9rcito Zapatista de Liberaci\u00f3n Nacional), \u0093Acuerdos de San Andr\u00e9s\u0094, La Jornada, 16 de febrero, 1996 (URL.:http:\/\/spin.com.mx\/-floresu\/EZLN\/dialogo\/acuerdos.html).<\/p>\n<p> FABILA, Alfonso, La tribu kikapoo de Coahuila, M\u00e9xico, INI, 2002. [La versi\u00f3n original, de 1945, se public\u00f3 resumida y sin fotograf\u00edas].<br \/>\nFAVRE, Henri, El indigenismo, M\u00e9xico, FCE, 1998.<\/p>\n<p> FERN\u00c1NDEZ HAM, Patricia, Juan Enrique GARC\u00cdA y Diana Esther \u00c1VILA, \u0093Estimaciones de la poblaci\u00f3n ind\u00edgena en M\u00e9xico\u0094, en CONSEJO NACIONAL DE POBLACI\u00d3N, La situaci\u00f3n demogr\u00e1fica en M\u00e9xico, 2002, M\u00e9xico, CONAPO, 2002: 169-182. <\/p>\n<p> FONDO PARA EL DESARROLLO DE LOS PUEBLOS IND\u00cdGENAS DE AM\u00c9RICA LATINA Y EL CARIBE, Serie de documentos, N\u00b0 1, La Paz, Bolivia, Fondo para el Desarrollo de los Pueblos Ind\u00edgenas de Am\u00e9rica Latina y el Caribe, octubre 1994.<\/p>\n<p> FONDO PARA EL DESARROLLO DE LOS PUEBLOS IND\u00cdGENAS DE AM\u00c9RICA LATINA Y EL CARIBE, Fondo Ind\u00edgena. Plan de reestructuraci\u00f3n. Informe ejecutivo, La Paz, Bolivia, Fondo para el Desarrollo de los Pueblos Ind\u00edgenas de Am\u00e9rica Latina y el Caribe, 2003.<\/p>\n<p> GARC\u00cdA DE LE\u00d3N, Antonio, \u0093La vuelta del Kat\u00fan (Chiapas: a veinte a\u00f1os del Primer Congreso Ind\u00edgena)\u0094, Revista Chiapas, N\u00b0 1, ERA-IIEc, 1995. <\/p>\n<p> G\u00d3MEZ RIVERA, Magdalena, Derechos ind\u00edgenas: Lectura comentada del Convenio 169 de la Organizaci\u00f3n Internacional del Trabajo, M\u00e9xico, Instituto Nacional Indigenista, 1995.<\/p>\n<p> G\u00d3MEZ, Mar\u00eda Magdalena, M\u00e9xico. El derecho ind\u00edgena frente al espejo de Am\u00e9rica Latina. Evoluci\u00f3n de las pol\u00edticas ind\u00edgenas de los Estados, 1997 (URL: http:\/\/www.alainet.org\/).<\/p>\n<p> G\u00d3MEZ RIVERA, Magdalena, \u0093El debate mexicano sobre derecho ind\u00edgena y las propuestas para su constitucionalidad\u0094, en INSTITUTO NACIONAL INDIGENISTA, Estado del desarrollo econ\u00f3mico y social de los pueblos ind\u00edgenas de M\u00e9xico. Primer informe, M\u00e9xico, INI-PNUD, 2000: 453-496.<\/p>\n<p> G\u00d3MEZ, Magdalena, \u0093Derecho ind\u00edgena y constitucionalidad\u0094 (URL: http:\/\/www.geocities.com\/relaju\/mgomez.html).<\/p>\n<p> HERN\u00c1NDEZ, Natalio, \u0093La formaci\u00f3n del escritor ind\u00edgena\u0094, en MONTEMAYOR, Carlos (Coord.), Situaci\u00f3n actual y perspectivas de la literatura en lenguas ind\u00edgenas, M\u00e9xico, Consejo Nacional para la Cultura y las Artes. Seminario Pensar la Cultura, 1993:103-117.<\/p>\n<p> HERN\u00c1NDEZ, Natalio, \u0093De la educaci\u00f3n ind\u00edgena a la educaci\u00f3n intercultural: la experiencia de M\u00e9xico\u0094, s\/f. (URL: http:\/\/www.sit.edu\/publications\/docs\/ ops04.mexicans.pdf).<\/p>\n<p> INEGI (INSTITUTO NACIONAL DE ESTAD\u00cdSTICA, GEOGRAF\u00cdA E INFORM\u00c1TICA), XI Censo General de Poblaci\u00f3n y Vivienda 1990, M\u00e9xico, INEGI, 1991; XII Censo General de Poblaci\u00f3n y Vivienda 2000, M\u00e9xico, INEGI, 2001.<\/p>\n<p> INSTITUTO NACIONAL DE ESTAD\u00cdSTICA, GEOGRAF\u00cdA E INFORM\u00c1TICA-INSTITUTO NACIONAL INDIGENISTA-PROGRAMA DE LAS NACIONES UNIDAS PARA EL DESARROLLO-ORGANIZACI\u00d3N INTERNACIONAL DEL TRABAJO-SECRETAR\u00cdA DE DESARROLLO SOCIAL-SECRETAR\u00cdA DEL TRABAJO Y PREVISI\u00d3N SOCIAL, Encuesta Nacional de Empleo en Zonas Ind\u00edgenas 1997, M\u00e9xico, INEGI, 1998.<\/p>\n<p> INSTITUTO INDIGENISTA INTERAMERICANO, Acta final. Primer Congreso Indigenista Interamericano, Celebrado en P\u00e1tzcuaro (M\u00e9xico, abril de 1940). Documento multicopiado.<\/p>\n<p> INSTITUTO INDIGENISTA INTERAMERICANO, Historia del Instituto Indigenista Interamericano 1940-2002, 2002 (URL: http:\/\/www.cdi.gob.mx\/conadepi\/iii\/historia.html)<br \/>\nINSTITUTO NACIONAL INDIGENISTA, Los pueblos ind\u00edgenas en la legislaci\u00f3n nacional. Recopilaci\u00f3n de disposiciones espec\u00edficas en materia ind\u00edgena, M\u00e9xico, INI, Pol\u00edtica Indigenista, 3, s\/f.<\/p>\n<p> INSTITUTO NACIONAL INDIGENISTA, Memoria 1989-1994, M\u00e9xico, INI, 1994.<\/p>\n<p> INSTITUTO NACIONAL INDIGENISTA, Estado del desarrollo econ\u00f3mico y social de los pueblos ind\u00edgenas. Primer Informe, M\u00e9xico, INI-PNUD, 2000a.<\/p>\n<p> INSTITUTO NACIONAL INDIGENISTA, Memoria 1995-2000, M\u00e9xico, INI, 2000b.<\/p>\n<p> INSTITUTO NACIONAL INDIGENISTA, Estado del desarrollo econ\u00f3mico y social de los pueblos ind\u00edgenas de M\u00e9xico. Segundo Informe, M\u00e9xico, INI-PNUD, 2002.<\/p>\n<p> ITURRALDE G., Diego, \u0093Desarrollo ind\u00edgena: las retos del final del siglo\u0094, en LARTIGUE, Francois y Andr\u00e9 QUESNEL (Coords.), Las din\u00e1micas de la poblaci\u00f3n ind\u00edgena. Cuestiones y debates actuales en M\u00e9xico, M\u00e9xico, CIESAS-IRD-Miguel \u00c1ngel Porr\u00faa, 2003: 49-69.<\/p>\n<p> KORSBAEK, Leif, Introducci\u00f3n al sistema de cargos, M\u00e9xico, Universidad Aut\u00f3noma del Estado de M\u00e9xico, 1996.<\/p>\n<p> KYMLICKA, Will, Ciudadan\u00eda multicultural, Barcelona, Paid\u00f3s, 1996.<br \/>\nLE\u00d3N-PORTILLA, Miguel, Los antiguos mexicanos a trav\u00e9s de sus cr\u00f3nicas y cantares, M\u00e9xico, FCE, 1983. [1961]<\/p>\n<p> L\u00d3PEZ AUSTIN, Alfredo y Leonardo L\u00d3PEZ LUJ\u00c1N, El pasado ind\u00edgena, M\u00e9xico, El Colegio de M\u00e9xico-FCE-Fideicomiso Historia de las Am\u00e9ricas, 1996.<\/p>\n<p> L\u00d3PEZ AUSTIN, Alfredo, Cuerpo humano e ideolog\u00eda. Las concepciones de los antiguos nahuas, M\u00e9xico, IIA-UNAM, 1990, 2 vols.<\/p>\n<p> L\u00d3PEZ AUSTIN, Alfredo, Breve historia de la tradici\u00f3n religiosa mesoamericana, M\u00e9xico, UNAM, Instituto de Investigaciones Antropol\u00f3gicas, 1999.<\/p>\n<p> L\u00d3PEZ B\u00c1RCENAS, Francisco, Convenio 169 de la OIT: su validez y problemas de aplicaci\u00f3n en nuestro pa\u00eds, M\u00e9xico, INI, 1996.<\/p>\n<p> L\u00d3PEZ B\u00c1RCENAS, Francisco, Legislaci\u00f3n y derechos ind\u00edgenas en M\u00e9xico, M\u00e9xico, Centro de Orientaci\u00f3n y Asesor\u00eda a Pueblos Ind\u00edgenas, A. C.-Casa Vieja\/La Guillotina-Red-es-Ce-Acatl, A. C., 2002.<\/p>\n<p> MALDONADO, Benjam\u00edn, Los indios en las aulas. La din\u00e1mica de dominaci\u00f3n y resistencia en Oaxaca, M\u00e9xico, CONACULTA-INAH, 2002.<br \/>\n MANRIQUE CASTA\u00d1EDA, Leonardo, La poblaci\u00f3n ind\u00edgena mexicana, M\u00e9xico, INEGI-INAH-ISS\/UNAM, 1994.<\/p>\n<p> MARROQU\u00cdN, Alejandro D., Balance del indigenismo. Informe sobre la pol\u00edtica indigenista en Am\u00e9rica, M\u00e9xico, III, 1977 [1972].<\/p>\n<p> MAY MAY, Miguel \u00c1ngel, \u0093Los talleres de literatura maya: una experiencia nueva en Yucat\u00e1n\u0094, en MONTEMAYOR, Carlos (Coord.), Situaci\u00f3n actual y perspectivas de la literatura en lenguas ind\u00edgenas, M\u00e9xico, Consejo Nacional para la Cultura y las Artes. Seminario Pensar la Cultura, 1993:173-196.<\/p>\n<p>MEDINA, Andr\u00e9s, \u0093Pr\u00f3logo\u0094 a KORSBAEK, Leif, Introducci\u00f3n al sistema de cargos, M\u00e9xico, Universidad Aut\u00f3noma del Estado de M\u00e9xico, 1996: 7-25.<\/p>\n<p> MEN\u00c9NDEZ, Eduardo L., \u0093Poblaciones abiertas, seguras y privadas: cambios, reorientaciones y permanencias en el Sector Salud mexicano\u0094, M\u00e9xico, CIESAS, 2004. (En preparaci\u00f3n para publicaci\u00f3n).<\/p>\n<p> MONTEMAYOR, Carlos (Coord.), Situaci\u00f3n actual y perspectivas de la literatura en lenguas ind\u00edgenas, M\u00e9xico, Consejo Nacional para la Cultura y las Artes. Seminario Pensar la Cultura, 1993.<\/p>\n<p> MONTEMAYOR, Carlos, Los pueblos indios de M\u00e9xico hoy, M\u00e9xico, Planeta-Temas de hoy, 2001.<\/p>\n<p> NEFF, Francoise, El rayo y el arcoiris. La fiesta ind\u00edgena en la Monta\u00f1a de Guerrero y el oeste de Oaxaca, M\u00e9xico, INI-SECRETAR\u00cdA DE DESARROLLO SOCIAL, 1994.<\/p>\n<p> OEA (ORGANIZACI\u00d3N DE LOS ESTADOS AMERICANOS), Instituto Indigenista Interamericano. Informe sobre las acciones desarrolladas en diferentes organismos internacionales para la promoci\u00f3n de los derechos de los pueblos ind\u00edgenas, OEA, Comisi\u00f3n de Asuntos Jur\u00eddicos y Pol\u00edticos. Documento OEA\/Ser.G., CP\/CAJP-157\/99, Washington, D. C., 8 de octubre de 1999.<\/p>\n<p> OEA (ORGANIZACI\u00d3N DE LOS ESTADOS AMERICANOS), Asamblea General. Resoluci\u00f3n sobre el Instituto Indigenista Interamericano. Documento OEACP\/CG-1584\/04, Washington, D. C., 4 de mayo de 2004.<\/p>\n<p> OMPI (ORGANIZACI\u00d3N MUNDIAL DE LA PROPIEDAD INTELECTUAL-ONU, Folleto N\u00b0 12, La OMPI y los pueblos ind\u00edgenas, URL: http:\/\/www.onu\/ org\/temas\/indigenas\/12.pdf).<\/p>\n<p> ONU (ORGANIZACI\u00d3N DE LAS NACIONES UNIDAS), OFICINA DEL ALTO COMISIONADO PARA LOS DERECHOS HUMANOS, Folleto Informativo N\u00b0 1. Los pueblos ind\u00edgenas y el sistema de las Naciones Unidas: descripci\u00f3n general, s\/f. (URL: www.onu.org\/informes\/ind\u00edgenas).<\/p>\n<p> ONU (ORGANIZACI\u00d3N DE LAS NACIONES UNIDAS), OFICINA DEL ALTO COMISIONADO PARA LOS DERECHOS HUMANOS, Folleto Informativo N\u00b0 9\/Rev. 1, Los derechos de los pueblos ind\u00edgenas, Ginebra, ONU, 1995.<br \/>\n(URL: http:\/\/www.cinu.org.mx y www.onu.org\/informes\/ind\u00edgenas\/).<\/p>\n<p> ONU (ORGANIZACI\u00d3N DE LAS NACIONES UNIDAS), Comisi\u00f3n de Derechos Humanos, Resoluci\u00f3n 2001\/57, marzo-abril, 2001.<\/p>\n<p> ONU (ORGANIZACI\u00d3N DE LAS NACIONES UNIDAS), Comisi\u00f3n de Derechos Humanos, Resoluci\u00f3n 2004\/62, marzo-abril de 2004.<\/p>\n<p> ORDPI (OFICINA DE REPRESENTACI\u00d3N PARA EL DESARROLLO DE LOS PUEBLOS IND\u00cdGENAS), Programa Nacional de Desarrollo de los Pueblos Ind\u00edgenas 2001-2006, M\u00e9xico, ORDPI-INI, 2002.<\/p>\n<p> ORDPI-INI (OFICINA DE REPRESENTACI\u00d3N PARA EL DESARROLLO DE LOS PUEBLOS IND\u00cdGENAS-INSTITUTO NACIONAL INDIGENISTA), Pueblos ind\u00edgenas, pol\u00edticas p\u00fablicas y reforma institucional, M\u00e9xico, 2002 (documento de trabajo).<\/p>\n<p> PEDRERO NIETO, Mercedes, \u0093Empleo en zonas ind\u00edgenas\u0094 en INSTITUTO NACIONAL INDIGENISTA, Estado del desarrollo econ\u00f3mico y social de los pueblos ind\u00edgenas de M\u00e9xico. Segundo informe, M\u00e9xico, INI-PNUD, 2002a: 109-154.<\/p>\n<p> PEDRERO NIETO, Mercedes, \u0093Empleo en zonas ind\u00edgenas\u0094 en Papeles de poblaci\u00f3n, N\u00b0 31, enero\/marzo, 2002b: 117-162.<\/p>\n<p> PELLICER, Dora, \u0093Oralidad y escritura de la literatura ind\u00edgena: una aproximaci\u00f3n hist\u00f3rica\u0094 en MONTEMAYOR, Carlos (Coord.), Situaci\u00f3n actual y perspectivas de la literatura en lenguas ind\u00edgenas, M\u00e9xico, Consejo Nacional para la Cultura y las Artes. Seminario Pensar la Cultura, 1993: 18-53.<\/p>\n<p> PERAF\u00c1N, Carlos, Adecuaci\u00f3n de servicios financieros a las econom\u00edas tradicionales ind\u00edgenas, Washington, D. C., BID, Unidad de Pueblos Ind\u00edgenas de y Desarrollo Comunitario, Departamento de Desarrollo Sostenible, mayo de 2000.<\/p>\n<p> P\u00c9REZ RU\u00cdZ, Maya Lorena, \u0093Movimientos sociales y lucha por la democracia\u0094, en INSTITUTO NACIONAL INDIGENISTA, Estado del desarrollo econ\u00f3mico y social de los pueblos ind\u00edgenas de M\u00e9xico. Primer informe, M\u00e9xico-PNUD, 2000a: 355-418.<\/p>\n<p> P\u00c9REZ RU\u00cdZ, Maya Lorena, \u00a1Todos somos zapatistas! Alianzas y rupturas entre el EZLN y las organizaciones ind\u00edgenas, Tesis de doctorado en Ciencias Antropol\u00f3gicas, M\u00e9xico, Divisi\u00f3n de Ciencias Sociales y Humanidades-Posgrado en Ciencias Antropol\u00f3gicas, Universidad Aut\u00f3noma Metropolitana, M\u00e9xico, 2000b. Documento multicopiado.<\/p>\n<p> PNUD (PROGRAMA DE LAS NACIONES UNIDAS PARA EL DESARROLLO), Informe sobre desarrollo humano. M\u00e9xico 2002, M\u00e9xico, PNUD, 2003.<\/p>\n<p> PNUMA (PROGRAMA DE LAS NACIONES UNIDAS PARA EL MEDIO AMBIENTE), Sosteniendo la vida en la tierra. El Convenio sobre la Diversidad Biol\u00f3gica promueve el bienestar humano y el de la naturaleza, CBD-PNUMA, Secretar\u00eda del Convenio sobre la Diversidad Biol\u00f3gica, 2001, (URL:http:\/\/www.biodiv.org\/doc\/).<\/p>\n<p> PPP (PLAN PUEBLA-PANAM\u00c1)-CUMBRE DE MANDATARIOS. Briefing, 25 de marzo de 2004.<\/p>\n<p> RAJSBAUM, Ari, \u0093Lugares y objetos sagrados\u0094, en ESCALANTE, Yuri, Sandra CH\u00c1VEZ y Ari RAJSBAUM, Pir\u00e1mides, cerros y calvarios. Lugares sagrados y legislaci\u00f3n mexicana, M\u00e9xico, INI-CNDH, 2001: 59-93.<\/p>\n<p> REAL ACADEMIA ESPA\u00d1OLA, Diccionario de la lengua espa\u00f1ola, Vig\u00e9sima primera edici\u00f3n, Madrid, Real Academia de la Lengua Espa\u00f1ola, 1992.<\/p>\n<p> REGINO, Adelfo, \u0093Los pueblos ind\u00edgenas: diversidad negada\u0094, Chiapas, N\u00b0 7, 1999. (URL: http:\/\/www.ezln.org\/revistachiapas\/No7\/ch7regino.html).<\/p>\n<p> REGINO MONTES, Adelfo, \u0093La reconstituci\u00f3n de los pueblos ind\u00edgenas\u0094 en BARTOLOM\u00c9, Miguel A. y Alicia M. BARABAS, Autonom\u00edas \u00e9tnicas y Estados nacionales, M\u00e9xico, INAH, 1998: 415-424.<\/p>\n<p> REGINO, Juan Gregorio, \u0093Escritores en lenguas ind\u00edgenas\u0094 en MONTEMAYOR, Carlos (Coord.), Situaci\u00f3n actual y perspectivas de la literatura en lenguas ind\u00edgenas, M\u00e9xico, Consejo Nacional para la Cultura y las Artes. Seminario Pensar la Cultura, 1993: 119-137.<\/p>\n<p> ROBLES BERLANGA, H\u00e9ctor Manuel, \u0093Poblaci\u00f3n ind\u00edgena y propiedad de la tierra\u0094 en INSTITUTO NACIONAL INDIGENISTA, Estado del desarrollo econ\u00f3mico y social de los pueblos ind\u00edgenas de M\u00e9xico. Segundo informe, M\u00e9xico, INI-PNUD, 2002: 157-205.<\/p>\n<p> ROBLES BERLANGA, H\u00e9ctor, \u0093Propiedad de la tierra y poblaci\u00f3n ind\u00edgena. Mitos y realidades\u0094, en LARTIGUE, Francois y Andr\u00e9 QUESNEL (Coords.), Las din\u00e1micas de la poblaci\u00f3n ind\u00edgena. Cuestiones y debates actuales en M\u00e9xico, M\u00e9xico, CIESAS-IRD-Miguel \u00c1ngel Porr\u00faa, 2003: 309-331.<\/p>\n<p> RODR\u00cdGUEZ, Nemesio J., \u0093Un sue\u00f1o cortesiano: el Istmo de Tehuantepec\u0094 en INSTITUTO NACIONAL INDIGENISTA, Estado del desarrollo econ\u00f3mico y social de los pueblos ind\u00edgenas de M\u00e9xico. Primer informe, M\u00e9xico INI-PNUD, 2000a:185-188.<\/p>\n<p>RODR\u00cdGUEZ, Nemesio, Perspectiva local y microrregional en el contexto del Plan Puebla-Panam\u00e1, Oaxaca, Oax., 26 de mayo de 2002. Documento de trabajo (In\u00e9dito).<\/p>\n<p> RODR\u00cdGUEZ, Nemesio, Opciones del desarrollo ind\u00edgena. Documento de trabajo, 2003c, (In\u00e9dito).<\/p>\n<p> RODR\u00cdGUEZ, Nemesio, \u0093Dilemas diferidos. Poblaci\u00f3n y n\u00facleos agrarios en Oaxaca\u0094 en LARTIGUE, Francois y Andr\u00e9 QUESNEL (Coords.), Las din\u00e1micas de la poblaci\u00f3n ind\u00edgena. Cuestiones y debates actuales en M\u00e9xico, M\u00e9xico, CIESAS-IRD-Miguel \u00c1ngel Porr\u00faa, 2003: 333-351.<\/p>\n<p> RODR\u00cdGUEZ, Nemesio J., Istmo de Tehuantepec. De lo regional a la globalizaci\u00f3n (o apuntes para pensar un quehacer), Oaxaca, Oax., Secretar\u00eda de Asuntos Ind\u00edgenas, Gobierno Constitucional del Estado de Oaxaca, 2003.<\/p>\n<p> RODR\u00cdGUEZ, Nemesio (Comunicaci\u00f3n personal del 12\/07\/2004).<\/p>\n<p> RODR\u00cdGUEZ, Nemesio y Carlos ZOLLA, Elementos b\u00e1sicos para una estrategia de desarrollo en regiones ind\u00edgenas, Documento de trabajo, 2004, (In\u00e9dito).<\/p>\n<p> RUBIO, Miguel \u00c1ngel et al., \u0093Desarrollo, marginalidad y migraci\u00f3n\u0094 en INSTITUTO NACIONAL INDIGENISTA, Estado del desarrollo econ\u00f3mico y social de los pueblos ind\u00edgenas de M\u00e9xico. Primer informe, M\u00e9xico, INI-PNUD, 2000: 289-354.<\/p>\n<p> RUIZ MONDRAG\u00d3N, Laura, \u0093El voto indio. La tendencia hacia el 2000\u0094, en Ce-Acatl. Revista de la Cultura de An\u00e1huac, 103, verano 2000: 3-17.<\/p>\n<p> RUIZ MONDRAG\u00d3N, Laura, \u0093C\u00f3mo votan los indios\u0094, en Etc\u00e9tera. pol\u00edtica y cultura en l\u00ednea, URL: http:\/\/www.etcetera.com.mx\/2000\/395\/lrm395.html).<\/p>\n<p> RUIZ MONDRAG\u00d3N, Laura, \u0093Los indios siguen siendo pri\u00edstas\u0094, en Etc\u00e9tera.pol\u00edtica y cultura en l\u00ednea (URL: http:\/\/www.etcetera.com.mx\/2000\/393).<\/p>\n<p> RUIZ MONDRAG\u00d3N, Laura y Lorena VARGAS ROJAS, Centro de Investigaci\u00f3n, Informaci\u00f3n y Documentaci\u00f3n de los Pueblos Ind\u00edgenas de M\u00e9xico. Gu\u00eda General, M\u00e9xico, CDI-CIESAS, 2003.<\/p>\n<p> SARIEGO, Juan Luis, El indigenismo en la Tarahumara: identidad, comunidad, relaciones inter\u00e9tnicas y desarrollo en la Sierra de Chihuahua, M\u00e9xico, INI-INAH, 2002.<\/p>\n<p> SCHMELKES, Sylvia, Educaci\u00f3n intercultural. Conferencia presentada en la inauguraci\u00f3n del diplomado en Derecho y Cultura Ind\u00edgena, impartido por la Asociaci\u00f3n Mexicana de Naciones Unidas y el Centro de Investigaciones y Estudios Superiores en Antropolog\u00eda Social, en Tlalpan, M\u00e9xico, D. F., el 28 de septiembre de 2001. Documento multicopiado.<\/p>\n<p> SSa (SECRETAR\u00cdA DE SALUD), Programa de Acci\u00f3n: Salud y Nutrici\u00f3n para los Pueblos Ind\u00edgenas, M\u00e9xico, SSa, 2001a.<br \/>\nSSa (SECRETAR\u00cdA DE SALUD), Programa Nacional de Salud 2001-2006, M\u00e9xico, SSa, 2001b.<\/p>\n<p> SEP\u00daLVEDA, Jaime (Coord.), La salud de los pueblos ind\u00edgenas en M\u00e9xico, M\u00e9xico, SSa-INI, 1993.<\/p>\n<p> SERRANO CARRETO, Enrique, Arnulfo EMBRIZ OSORIO y Patricia FERN\u00c1NDEZ HAM (Coords.), Indicadores socioecon\u00f3micos de los pueblos ind\u00edgenas de M\u00e9xico, 2002, M\u00e9xico, INI-PNUD-CONAPO, 2002.<br \/>\nSODI M., Demetrio, La literatura de los mayas, M\u00e9xico, FCE, 1986. [1964].<\/p>\n<p> STAVENHAGEN, Rodolfo y Diego ITURRALDE (Comps.), Entre la ley y la costumbre. El derecho consuetudinario ind\u00edgena en Am\u00e9rica Latina, M\u00e9xico, IIDH-III, 1990.<\/p>\n<p> STAVENHAGEN, Rodolfo, \u0093El sistema internacional de los derechos ind\u00edgenas\u0094 en BARTOLOM\u00c9, Miguel A. y Alicia M. BARABAS (Coords.), Autonom\u00edas \u00e9tnicas y Estados nacionales, M\u00e9xico, INAH, 1998:49-72.<\/p>\n<p> STAVENHAGEN, Rodolfo, Cuestiones ind\u00edgenas. Derechos humanos y cuestiones ind\u00edgenas. Informe del Relator Especial sobre la situaci\u00f3n de los derechos humanos y las libertades fundamentales de los ind\u00edgenas, Sr. Rodolfo Stavenhagen, presentado de conformidad con la resoluci\u00f3n 2001\/57 de la Comisi\u00f3n. Documento E\/CN.4\/2002\/97, Washington, D. C., ECOSOC, 4 de febrero de 2002.<\/p>\n<p> STAVENHAGEN, Rodolfo, Cuestiones ind\u00edgenas. Derechos humanos y cuestiones ind\u00edgenas. Informe del Relator Especial sobre la situaci\u00f3n de los derechos humanos y las libertades fundamentales de los ind\u00edgenas, Rodolfo Stavenhagen, presentado de conformidad con la resoluci\u00f3n 2002\/65 de la Comisi\u00f3n. Documento E\/CN.4\/2003\/90, Washington, D. C., ECOSOC, 21 de enero 2003.<\/p>\n<p> TAYLOR, Charles et al., El multiculturalismo y la \u0093pol\u00edtica del reconocimiento\u0094, M\u00e9xico, FCE, 1993.<\/p>\n<p> TELLO, Carlos, Nueva relaci\u00f3n Estado-Pueblos Ind\u00edgenas, M\u00e9xico, INI, 1996.<\/p>\n<p> TELLO D\u00cdAZ, Carlos, La rebeli\u00f3n de las Ca\u00f1adas, M\u00e9xico, Cal y Arena, 1995.<\/p>\n<p> TORRES CISNEROS, Gustavo, M\u00ebj x\u00eb\u00ebw. La gran fiesta del Se\u00f1or de Alotepec. Con una presentaci\u00f3n de Adelfo Regino, M\u00e9xico, CDI, 2003.<\/p>\n<p> TORRES CISNEROS, Gustavo, \u0093Sistema de cargos y cosmovisi\u00f3n. Notas sobre los mixes de Oaxaca\u0094, M\u00e9xico Ind\u00edgena, Nueva \u00e9poca, vol. 1, 3, diciembre de 2002: 13-20.<\/p>\n<p> TORRES CISNEROS, Gustavo (Comunicaci\u00f3n personal, 11\/06\/2004).<\/p>\n<p> TRIQUIS DE OAXACA-NANJ N\u00cfN N\u00cfN. Sucesi\u00f3n Triqui, El trabajo colectivo (el tequio), abril 2004. (URL: http:\/\/www.triquis.org\/).<\/p>\n<p> UNESCO, Conferencia Mundial de Derechos Ling\u00fc\u00edsticos: Declaraci\u00f3n de Barcelona, Consejo Ejecutivo, Par\u00eds, 10 de octubre de 1996. Documento150 EX\/37.<\/p>\n<p> VALD\u00c9S, Luz Mar\u00eda, Los indios mexicanos en los censos del a\u00f1o 2000, M\u00e9xico, IIJ-UNAM, 2003.<\/p>\n<p> VARELA, Rogelio, \u0093Corporativo\u0094, El Financiero, julio 20 de 2004.<br \/>\nVS. AS., Indianidad y descolonizaci\u00f3n en Am\u00e9rica Latina. Documentos de la Segunda Reuni\u00f3n de Barbados, M\u00e9xico, Nueva Imagen, 1979.<\/p>\n<p> WARMAN, Arturo, El campo mexicano en el siglo XX, M\u00e9xico, FCE, 2001.|<\/p>\n<p> WARMAN, Arturo, Los indios mexicanos en el umbral del milenio, M\u00e9xico, FCE, 2003.<\/p>\n<p> YANES, Pablo y Erasmo CISNEROS, \u0093Hacia el reconocimiento del derecho ind\u00edgena\u0094 en INSTITUTO NACIONAL INDIGENISTA, Estado del desarrollo econ\u00f3mico y social de los pueblos ind\u00edgenas de M\u00e9xico. Primer informe, M\u00e9xico, INI-PNUD, 2000: 419-452.<\/p>\n<p> ZAVALA, Silvio (Selecci\u00f3n), Ordenanzas del trabajo, siglos XVI y XVII, M\u00e9xico, M\u00e9xico, 1980, vol. I.<\/p>\n<p> ZOLLA, Carlos, \u0093Medicina tradicional y sistemas de atenci\u00f3n a la salud\u0094, en CENTRO INTERAMERICANOS DE ESTUDIOS DE SEGURIDAD SOCIAL, El futuro de la medicina tradicional en la atenci\u00f3n a la salud de los pa\u00edses latinoamericanos, M\u00e9xico, CIESS, 1987: 65-74.<\/p>\n<p> ZOLLA, Carlos, Elogio del dulce. Ensayo sobre la dulcer\u00eda mexicana, M\u00e9xico, FCE, 1988.<\/p>\n<p> ZOLLA, Carlos, Huberto ALDAZ y Carolina D\u00cdAZ GARDU\u00d1O, Comentarios al documento \u0093Estado de situaci\u00f3n de los pueblos ind\u00edgenas de Am\u00e9rica Latina\u0094 del Fondo para el Desarrollo de los Pueblos Ind\u00edgenas de Am\u00e9rica Latina y el Caribe, M\u00e9xico, ORDP-INI, 26 de noviembre de 2002 (Documento de trabajo. In\u00e9dito).<\/p>\n<p> ZOLLA M\u00c1RQUEZ, Emiliano, Estado, antropolog\u00eda e ind\u00edgenas en el M\u00e9xico posrevolucionario. Tesis de Licenciatura en Historia, M\u00e9xico, UNAM, Facultad de Filosof\u00eda y Letras, 2004.<\/p>\n","protected":false},"excerpt":{"rendered":"<p>Bibliograf\u00eda AGUIRRE BELTR\u00c1N, Gonzalo, Programas de salud en la situaci\u00f3n intercultural, M\u00e9xico, FCE-INI-UV, Gobierno del Estado de Veracruz, 1994. [1955]. AGUIRRE BELTR\u00c1N, Gonzalo, Cr\u00edtica antropol\u00f3gica, M\u00e9xico, FCE-INI-UV-Gobierno del Estado de Veracruz, 1990. [Re\u00fane trabajos de 1968 y 1971, principalmente] AGUIRRE BELTR\u00c1N, Gonzalo, Obra pol\u00e9mica, M\u00e9xico, FCE-INI-UV, Gobierno del Estado de Veracruz, 1992a. AGUIRRE BELTR\u00c1N, Gonzalo, El proceso de aculturaci\u00f3n y<\/p>\n","protected":false},"author":4,"featured_media":0,"comment_status":"closed","ping_status":"open","sticky":false,"template":"","format":"standard","meta":{"footnotes":""},"categories":[73],"tags":[],"class_list":["post-2796","post","type-post","status-publish","format-standard","hentry","category-los-pueblos-indigenas-de-mexico-100-preguntas"],"_links":{"self":[{"href":"https:\/\/nasdat.com\/index.php?rest_route=\/wp\/v2\/posts\/2796","targetHints":{"allow":["GET"]}}],"collection":[{"href":"https:\/\/nasdat.com\/index.php?rest_route=\/wp\/v2\/posts"}],"about":[{"href":"https:\/\/nasdat.com\/index.php?rest_route=\/wp\/v2\/types\/post"}],"author":[{"embeddable":true,"href":"https:\/\/nasdat.com\/index.php?rest_route=\/wp\/v2\/users\/4"}],"replies":[{"embeddable":true,"href":"https:\/\/nasdat.com\/index.php?rest_route=%2Fwp%2Fv2%2Fcomments&post=2796"}],"version-history":[{"count":0,"href":"https:\/\/nasdat.com\/index.php?rest_route=\/wp\/v2\/posts\/2796\/revisions"}],"wp:attachment":[{"href":"https:\/\/nasdat.com\/index.php?rest_route=%2Fwp%2Fv2%2Fmedia&parent=2796"}],"wp:term":[{"taxonomy":"category","embeddable":true,"href":"https:\/\/nasdat.com\/index.php?rest_route=%2Fwp%2Fv2%2Fcategories&post=2796"},{"taxonomy":"post_tag","embeddable":true,"href":"https:\/\/nasdat.com\/index.php?rest_route=%2Fwp%2Fv2%2Ftags&post=2796"}],"curies":[{"name":"wp","href":"https:\/\/api.w.org\/{rel}","templated":true}]}}