{"id":2795,"date":"2008-12-19T20:07:46","date_gmt":"2008-12-19T20:07:46","guid":{"rendered":"http:\/\/nasdat.com\/?p=2795"},"modified":"2008-12-19T20:07:46","modified_gmt":"2008-12-19T20:07:46","slug":"lecturas-recomendadas","status":"publish","type":"post","link":"https:\/\/nasdat.com\/?p=2795","title":{"rendered":"Lecturas recomendadas"},"content":{"rendered":"<p>Lecturas Recomendadas<\/p>\n<p> AGUIRRE BELTR\u00c1N, Gonzalo, Formas de gobierno ind\u00edgena, M\u00e9xico, FCE-INI-UV-Gobierno del Estado de Veracruz, 1990 [1953].<\/p>\n<p> AGUIRRE BELTR\u00c1N, Gonzalo, El proceso de aculturaci\u00f3n y el cambio socio-cultural en M\u00e9xico, M\u00e9xico, FCE-INI-UV, Gobierno del Estado de Veracruz, 1992b.[1957].<\/p>\n<p> AGUIRRE BELTR\u00c1N, Gonzalo, Regiones de refugio. El desarrollo de la comunidad y el proceso dominical en Mestizoam\u00e9rica, M\u00e9xico, INI, 1987. [1967].<\/p>\n<p> AGUIRRE BELTR\u00c1N, Gonzalo y Ricardo POZAS ARCINIEGA, La pol\u00edtica indigenista en M\u00e9xico. M\u00e9todos y resultados, M\u00e9xico, INI-SEP, 1981. [1954], Tomo II, Instituciones ind\u00edgenas del M\u00e9xico actual.<\/p>\n<p> BARTOLOM\u00c9, Miguel Alberto, Gente de costumbre, gente de raz\u00f3n. Las identidades \u00e9tnicas en M\u00e9xico, M\u00e9xico, Siglo XXI-INI, 1997.<\/p>\n<p> BONFIL, Guillermo, M\u00e9xico profundo. Una civilizaci\u00f3n negada, M\u00e9xico, SEP-CIESAS, 1987.<\/p>\n<p> CASO, Alfonso, Homenaje a Alfonso Caso. Obras escogidas, M\u00e9xico, Patronato para el Fomento de Actividades Culturales y de Asistencia Social a las Comunidades Ind\u00edgenas, A. C., 1996.<\/p>\n<p> D\u00cdAZ-COUDER CABRAL, Ernesto, \u0093Situaci\u00f3n actual de las lenguas amerindias\u0094, en INSTITUTO NACIONAL INDIGENISTA, Estado del desarrollo econ\u00f3mico y social de los pueblos ind\u00edgenas de M\u00e9xico. Primer informe, M\u00e9xico, INI-PNUD, 2000: 65-140.<\/p>\n<p> FLORESCANO, Enrique, Etnia, Estado y Naci\u00f3n. Ensayo sobre las identidades colectivas en M\u00e9xico, M\u00e9xico, Aguilar, 1997. <\/p>\n<p> G\u00d3MEZ RIVERA, Magdalena, Derechos ind\u00edgenas: Lectura comentada del Convenio 169 de la Organizaci\u00f3n Internacional del Trabajo, M\u00e9xico, Instituto Nacional Indigenista, 1995.<\/p>\n<p> INSTITUTO NACIONAL INDIGENISTA, Estado del desarrollo econ\u00f3mico y social de los pueblos ind\u00edgenas de M\u00e9xico. Primer informe, M\u00e9xico, INI-PNUD, 2000, 2 vols. <\/p>\n<p> INSTITUTO NACIONAL INDIGENISTA, Estado del desarrollo econ\u00f3mico y social de los pueblos ind\u00edgenas de M\u00e9xico. Segundo informe, M\u00e9xico, INI-PNUD, 2002.<\/p>\n<p> L\u00d3PEZ AUSTIN, Alfredo y Leonardo L\u00d3PEZ LUJ\u00c1N, El pasado ind\u00edgena, M\u00e9xico, El Colegio de M\u00e9xico-FCE-Fideicomiso Historia de las Am\u00e9ricas, 1996.<\/p>\n<p> L\u00d3PEZ B\u00c1RCENAS, Francisco, Legislaci\u00f3n y derechos ind\u00edgenas en M\u00e9xico, M\u00e9xico, M\u00e9xico, Centro de Orientaci\u00f3n y Asesor\u00eda a Pueblos Ind\u00edgenas, A. C.-Casa Vieja\/La Guillotina-Red-es-Ce-Acatl, A. C., 2002.<\/p>\n<p> OEMICHEN BAZ\u00c1N, Mar\u00eda Cristina, Pol\u00edtica social e indigenismo en M\u00e9xico 1988-1996, M\u00e9xico, UNAM, Instituto de Investigaciones Antropol\u00f3gicas, 1999.<\/p>\n<p> RODR\u00cdGUEZ, Nemesio J., Istmo de Tehuantepec. De lo regional a la globalizaci\u00f3n (o apuntes para pensar un quehacer), Oaxaca, Oax., Secretar\u00eda de Asuntos Ind\u00edgenas, Gobierno Constitucional del Estado de Oaxaca, 2003. <\/p>\n<p> SARIEGO, Juan Luis, El indigenismo en la Tarahumara: identidad, comunidad, relaciones inter\u00e9tnicas y desarrollo en la Sierra de Chihuahua, M\u00e9xico, INI-INAH, 2002.<\/p>\n<p> VALD\u00c9S, Luz Mar\u00eda, Los indios mexicanos en los censos del a\u00f1o 2000, M\u00e9xico, IIJ-UNAM, 2003.<\/p>\n<p> VILLORO, Luis, Los grandes momentos del indigenismo en M\u00e9xico, M\u00e9xico, El Colegio de M\u00e9xico, 1950. [Hay numerosas reediciones].<\/p>\n<p> WARMAN, Arturo, Los indios mexicanos en el umbral del milenio, M\u00e9xico, FCE, 2003.<\/p>\n","protected":false},"excerpt":{"rendered":"<p>Lecturas Recomendadas AGUIRRE BELTR\u00c1N, Gonzalo, Formas de gobierno ind\u00edgena, M\u00e9xico, FCE-INI-UV-Gobierno del Estado de Veracruz, 1990 [1953]. AGUIRRE BELTR\u00c1N, Gonzalo, El proceso de aculturaci\u00f3n y el cambio socio-cultural en M\u00e9xico, M\u00e9xico, FCE-INI-UV, Gobierno del Estado de Veracruz, 1992b.[1957]. AGUIRRE BELTR\u00c1N, Gonzalo, Regiones de refugio. El desarrollo de la comunidad y el proceso dominical en Mestizoam\u00e9rica, M\u00e9xico, INI, 1987. [1967]. AGUIRRE<\/p>\n","protected":false},"author":4,"featured_media":0,"comment_status":"closed","ping_status":"open","sticky":false,"template":"","format":"standard","meta":{"footnotes":""},"categories":[73],"tags":[],"class_list":["post-2795","post","type-post","status-publish","format-standard","hentry","category-los-pueblos-indigenas-de-mexico-100-preguntas"],"_links":{"self":[{"href":"https:\/\/nasdat.com\/index.php?rest_route=\/wp\/v2\/posts\/2795","targetHints":{"allow":["GET"]}}],"collection":[{"href":"https:\/\/nasdat.com\/index.php?rest_route=\/wp\/v2\/posts"}],"about":[{"href":"https:\/\/nasdat.com\/index.php?rest_route=\/wp\/v2\/types\/post"}],"author":[{"embeddable":true,"href":"https:\/\/nasdat.com\/index.php?rest_route=\/wp\/v2\/users\/4"}],"replies":[{"embeddable":true,"href":"https:\/\/nasdat.com\/index.php?rest_route=%2Fwp%2Fv2%2Fcomments&post=2795"}],"version-history":[{"count":0,"href":"https:\/\/nasdat.com\/index.php?rest_route=\/wp\/v2\/posts\/2795\/revisions"}],"wp:attachment":[{"href":"https:\/\/nasdat.com\/index.php?rest_route=%2Fwp%2Fv2%2Fmedia&parent=2795"}],"wp:term":[{"taxonomy":"category","embeddable":true,"href":"https:\/\/nasdat.com\/index.php?rest_route=%2Fwp%2Fv2%2Fcategories&post=2795"},{"taxonomy":"post_tag","embeddable":true,"href":"https:\/\/nasdat.com\/index.php?rest_route=%2Fwp%2Fv2%2Ftags&post=2795"}],"curies":[{"name":"wp","href":"https:\/\/api.w.org\/{rel}","templated":true}]}}