{"id":2380,"date":"2008-12-09T15:54:46","date_gmt":"2008-12-09T15:54:46","guid":{"rendered":"http:\/\/nasdat.com\/?p=2380"},"modified":"2008-12-09T15:54:46","modified_gmt":"2008-12-09T15:54:46","slug":"entrevista-a-indio-aymara","status":"publish","type":"post","link":"https:\/\/nasdat.com\/?p=2380","title":{"rendered":"Entrevista a indio Aymara"},"content":{"rendered":"<p><strong><strong>De: Alias de MSNThe_dark_crow_v301\u00a0 (Mensaje original)\tEnviado: 03\/06\/2005 0:20<\/strong><\/strong><\/p>\n<p>Entrevista a indio Aymara.<\/p>\n<p>&#8212;&#8212;<br \/>\nMAX PAREDES, PRESIDENTE DEL PARLAMENTO AIMARA<\/p>\n<p>Tengo 68 a\u00f1os. Nac\u00ed y vivo en Chara\u00f1a, en el altiplano boliviano:<br \/>\nsoy aimara. Soy ganadero de cam\u00e9lidos sudamericanos: llamas,<br \/>\nalpacas&#8230; Estoy casado con Natividad y tenemos dos hijos, Ovidio<br \/>\n(32) y Alicia (24), m\u00e1s otros dos hijos de otra mujer. \u00bfCreencias?<br \/>\nNi Marx ni Cristo, ni capitalismo ni marxismo: filosof\u00eda c\u00f3smica de<br \/>\nla naturaleza<\/p>\n<p>V\u00cdCTOR\u0096M. AMELA &#8211; 29\/04\/2003: Qu\u00e9 est\u00e1 masticando?<\/p>\n<p>\u0096Hojas de coca. \u00bfQuiere? Le invito.<\/p>\n<p>Ah, muchas gracias.<\/p>\n<p>\u0096Aqu\u00ed tiene, vaya tomando.<\/p>\n<p>Veo que las lleva usted en esa bolsita colgada al cuello&#8230;<\/p>\n<p>\u0096Siempre. La bolsa es de lana de llama.<\/p>\n<p>\u00bfY ahora qu\u00e9 tengo que hacer?<\/p>\n<p>\u0096P\u00f3ngase una hojita sobre la lengua y vaya chup\u00e1ndola,<br \/>\nmordisque\u00e1ndola muy suavemente. Luego coja otra, y otra&#8230; Es lo que<br \/>\nhacemos nosotros cada vez que comenzamos una reuni\u00f3n, un<br \/>\nencuentro&#8230;<\/p>\n<p>Aj\u00e1, a ver&#8230; Noto un leve sabor amargo. \u00bfQu\u00e9 efectos tiene esto?<\/p>\n<p>\u0096Los aimara vivimos a 4.000 metros de altitud, y la hoja de coca nos<br \/>\nda tono. Es una hoja sagrada, que nos comunica con la tierra, con<br \/>\nlos astros&#8230; Tambi\u00e9n la tomamos en infusi\u00f3n, y contra los dolores<br \/>\nde est\u00f3mago&#8230; Si te duele la cabeza, mordisqueas una hojita y,<br \/>\nmojada en saliva, te la colocas en la sien, as\u00ed.<\/p>\n<p>\u00bfY desaparece el dolor de cabeza?<\/p>\n<p>\u0096S\u00ed. \u00a1Es nuestra aspirina! La coca es nuestra medicina y nuestra<br \/>\nvitamina.<\/p>\n<p>\u00bfNo disponen ustedes de medicinas?<\/p>\n<p>\u0096S\u00ed, \u00a1pero los m\u00e9dicos son caros! As\u00ed que, a veces, nos arreglamos<br \/>\ncon nuestras hierbas, nos curamos con la coca y con la orina.<\/p>\n<p>\u00bfLa orina?<\/p>\n<p>\u0096Te bebes un vasito de tu orina calentita por la ma\u00f1ana, luego otro<br \/>\nvasito de agua&#8230;, y en pocos d\u00edas se te va todo.<\/p>\n<p>\u00bfTienen los aimara alguna relaci\u00f3n con el narcotr\u00e1fico?<\/p>\n<p>\u0096Somos sus v\u00edctimas. Estados Unidos tiene dos millones de<br \/>\ndrogadictos, los hijos de &#8220;los multinacionales&#8221;. \u00a1Ellos son los<br \/>\ndrogadictos, no nosotros!, y se permiten prohibir la coca, \u00a1que es<br \/>\nnuestra planta sagrada!<\/p>\n<p>\u00bfDesde cu\u00e1ndo lo es?<\/p>\n<p>-Desde tiempo inmemorial, milenario. Los aimara somos los atlantes<br \/>\nde los que habla Plat\u00f3n. Plat\u00f3n, en su &#8220;Timeo&#8221;, habl\u00f3 de un<br \/>\ncontinente perdido en medio del Atl\u00e1ntico: la Atl\u00e1ntida. Hoy la<br \/>\ngente le llama Am\u00e9rica&#8230; Pero&#8230; \u00a1somos atlantes, no americanos!<\/p>\n<p>\u00a1Es un placer hablar con un atlante!<\/p>\n<p>-Uno de los reinos atlantes era Tiahuanaco, y ah\u00ed estaba nuestro<br \/>\npueblo desde hace 60.000 a\u00f1os, o sea, desde antes del diluvio.<\/p>\n<p>\u0096\u00bfLos aimara? \u00bfHace 60.000 a\u00f1os&#8230;?<\/p>\n<p>S\u00ed. El diluvio cort\u00f3 el contacto con el resto del mundo. En las<br \/>\npir\u00e1mides egipcias se ha encontrado hoja de coca y &#8220;chu\u00f1u&#8221;<br \/>\ny &#8220;tunta&#8221;, que es nuestra papa deshidratada&#8230;<\/p>\n<p>\u00bfDe verdad? No sab\u00eda eso&#8230;<\/p>\n<p>\u0096S\u00ed. El nombre de nuestro pueblo, en verdad, es qullana (que<br \/>\nsignifica &#8220;medicina&#8221;), pero al preguntarnos los conquistadores<br \/>\nespa\u00f1oles sobre nuestra lengua les dijimos que era una &#8220;aymara&#8221;<br \/>\n(&#8220;lengua humana&#8221;) muy antigua. \u00a1Y se nos qued\u00f3 lo de aymara&#8230;!<\/p>\n<p>\u00bfY c\u00f3mo les tratamos los espa\u00f1oles?<\/p>\n<p>\u0096Nos masacraron. Les recibimos pac\u00edficamente: nuestra fe nos proh\u00edbe<br \/>\nmatar y \u00e9ramos un pueblo sin armas. Por eso nos tomaron por pueblo<br \/>\natrasado y se aprovecharon.<\/p>\n<p>Pero conservan ustedes su idioma&#8230;<\/p>\n<p>\u0096Milagrosamente. Cuando yo era ni\u00f1o, los profesores me pegaban si me<br \/>\no\u00edan hablar aimara. \u00a1Estaba prohibido! Los otros ni\u00f1os se<br \/>\nchivaban: &#8220;\u00a1Max ha hablado en aimara!&#8221;, y me pon\u00edan de rodillas, o<br \/>\nmedia hora a la pata coja aguantando un adobe sobre la cabeza.<\/p>\n<p>\u00bfCu\u00e1ntos a\u00f1os fue usted a la escuela?<\/p>\n<p>\u0096Cuatro a\u00f1os, de los 8 a los 12 a\u00f1os, y all\u00ed me lavaban el cerebro<br \/>\ndici\u00e9ndome que yo era &#8220;boliviano&#8221; y mi lengua, el espa\u00f1ol&#8230;<\/p>\n<p>\u00bfCu\u00e1nta gente habla hoy aimara?<\/p>\n<p>\u0096La mitad de los seis millones de aimara, que somos un pueblo sin<br \/>\nfronteras porque estamos en Bolivia, Argentina, Chile y Per\u00fa.<\/p>\n<p>\u00bfTienen ustedes religi\u00f3n propia?<\/p>\n<p>\u0096Creemos en la madre tierra, Pachamama. Vinieron los curas y dijeron<br \/>\nque nuestra religi\u00f3n era pecado. Hoy tenemos una mezcla de<br \/>\ncatolicismo y creencias aimara. En su d\u00eda seguimos la corriente a<br \/>\nlos curas, para no tener m\u00e1s l\u00edos. Pero pasaba cada cosa&#8230;<\/p>\n<p>\u00bfQu\u00e9 cosas?<\/p>\n<p>\u0096Los aimara siempre hab\u00edamos enterrado a los muertos en ciertos<br \/>\nlugares sagrados, y los curas nos obligaban a enterrarlos en el<br \/>\ncementerio junto la iglesia. Los aimara ced\u00edamos, pero por la noche<br \/>\ndesenterr\u00e1bamos al muerto y lo llevaban al otro sitio.<\/p>\n<p>\u00bfY si se enteraba el cura, qu\u00e9 pasaba?<\/p>\n<p>\u0096Que hac\u00eda desenterrar al muerto de nuevo y volv\u00eda a llev\u00e1rselo al<br \/>\ncementerio. Por la noche, los aimara volv\u00edamos a recuperarlo.<\/p>\n<p>Qu\u00e9 mareo para el muerto&#8230;.<\/p>\n<p>\u0096Son cosas que pasaban&#8230; Ya no, aunque nosotros a\u00fan creemos que la<br \/>\nprimera pareja humana fue puesta en Tiahuanaco por el sol y la luna<br \/>\nmediante el &#8220;illapu&#8221; (rayo).<\/p>\n<p>\u00bfY qu\u00e9 tal les tratan hoy los gobernantes?<\/p>\n<p>\u0096No existimos, no quieren ni vernos. Por eso fundamos el Parlamento<br \/>\naimara, \u00f3rgano deliberante de todos los aimara, desde el que<br \/>\nlanzamos nuestras peticiones. \u00a1Pero jam\u00e1s con violencia!: no nos<br \/>\ngustan las manifestaciones, las huelgas, los enfrentamientos.<\/p>\n<p>\u00bfCu\u00e1les son sus peticiones?<\/p>\n<p>\u0096Que detengan las obras que se llevan el agua de la cabecera de los<br \/>\nr\u00edos andinos a las costas: \u00a1est\u00e1n desertizando la puna, desecan el<br \/>\nlago Titicaca! Y los aimara se quedan sin agua. Y buscamos ayudas<br \/>\npara crear una universidad aimara. \u00a1Queremos educarnos, y hacerlo<br \/>\ndesde nuestras propias ra\u00edces!<\/p>\n<p>\u00c1nimo.<\/p>\n<p>\u0096\u00a1El lago Titicaca es el termorregulador de Sudam\u00e9rica! Si el lago<br \/>\ndecrece, la temperatura ascender\u00e1, la Amazonia arder\u00e1 de calor&#8230;<\/p>\n<p>\u00bfY c\u00f3mo ven desde ah\u00ed las guerras?<\/p>\n<p>\u0096\u00a1Hacen con Iraq como hicieron con nosotros..! &#8220;\u00a1Janiwa jaque<br \/>\nmarsima jiwa\u00f1akiti!&#8221;.<\/p>\n<p>\u00bfQu\u00e9 ha dicho?<\/p>\n<p>\u0096&#8221;No mates a tu pr\u00f3jimo&#8221;: \u00a1no a la guerra!<\/p>\n","protected":false},"excerpt":{"rendered":"<p>De: Alias de MSNThe_dark_crow_v301\u00a0 (Mensaje original) Enviado: 03\/06\/2005 0:20 Entrevista a indio Aymara. &#8212;&#8212; MAX PAREDES, PRESIDENTE DEL PARLAMENTO AIMARA Tengo 68 a\u00f1os. Nac\u00ed y vivo en Chara\u00f1a, en el altiplano boliviano: soy aimara. Soy ganadero de cam\u00e9lidos sudamericanos: llamas, alpacas&#8230; Estoy casado con Natividad y tenemos dos hijos, Ovidio (32) y Alicia (24), m\u00e1s otros dos hijos de otra<\/p>\n","protected":false},"author":10,"featured_media":0,"comment_status":"closed","ping_status":"open","sticky":false,"template":"","format":"standard","meta":{"footnotes":""},"categories":[43],"tags":[],"class_list":["post-2380","post","type-post","status-publish","format-standard","hentry","category-suramerica"],"_links":{"self":[{"href":"https:\/\/nasdat.com\/index.php?rest_route=\/wp\/v2\/posts\/2380","targetHints":{"allow":["GET"]}}],"collection":[{"href":"https:\/\/nasdat.com\/index.php?rest_route=\/wp\/v2\/posts"}],"about":[{"href":"https:\/\/nasdat.com\/index.php?rest_route=\/wp\/v2\/types\/post"}],"author":[{"embeddable":true,"href":"https:\/\/nasdat.com\/index.php?rest_route=\/wp\/v2\/users\/10"}],"replies":[{"embeddable":true,"href":"https:\/\/nasdat.com\/index.php?rest_route=%2Fwp%2Fv2%2Fcomments&post=2380"}],"version-history":[{"count":0,"href":"https:\/\/nasdat.com\/index.php?rest_route=\/wp\/v2\/posts\/2380\/revisions"}],"wp:attachment":[{"href":"https:\/\/nasdat.com\/index.php?rest_route=%2Fwp%2Fv2%2Fmedia&parent=2380"}],"wp:term":[{"taxonomy":"category","embeddable":true,"href":"https:\/\/nasdat.com\/index.php?rest_route=%2Fwp%2Fv2%2Fcategories&post=2380"},{"taxonomy":"post_tag","embeddable":true,"href":"https:\/\/nasdat.com\/index.php?rest_route=%2Fwp%2Fv2%2Ftags&post=2380"}],"curies":[{"name":"wp","href":"https:\/\/api.w.org\/{rel}","templated":true}]}}