{"id":155,"date":"2006-01-21T20:35:25","date_gmt":"2006-01-21T20:35:25","guid":{"rendered":"http:\/\/nasdat.com\/?p=155"},"modified":"2006-01-21T20:35:25","modified_gmt":"2006-01-21T20:35:25","slug":"reduce-la-brujer\u00eda-el-uso-de-violencia","status":"publish","type":"post","link":"https:\/\/nasdat.com\/?p=155","title":{"rendered":"Reduce la brujer\u00eda el uso de violencia"},"content":{"rendered":"<p>Reduce la brujer\u00eda el uso de violencia<\/p>\n<p>21 Septiembre 2000<\/p>\n<p>La brujer\u00eda no siempre es mala, en ocasiones puede ser una v\u00e1lvula de escape<\/p>\n<p>Por ANTONIO BERTRAN\/El Norte (Mexico)<\/p>\n<p>Cd de M\u00e9xico, M\u00e9xico.- La brujer\u00eda no siempre es mala, en ocasiones puede ser una v\u00e1lvula de escape. Algunos estudios revelan que en las sociedades donde se practica, el nivel de violencia f\u00edsica es inferior al de otras regiones donde no existe, refiri\u00f3 Charles Henry Pradelles de Latour.<br \/>\nEl etn\u00f3logo franc\u00e9s, quien durante ocho a\u00f1os realiz\u00f3 estudios de campo entre el grupo bamileke de Camer\u00fan, y actualmente investiga a los emigrantes africanos de los suburbios de Par\u00eds, afirma que\u00a0 \u00a0 \u00a0 cuando los conflictos se expresan en t\u00e9rminos de brujer\u00eda no es\u00a0  necesario que quien se siente v\u00edctima de un embrujo tenga que\u00a0 \u00a0 \u00a0 resolver su situaci\u00f3n por\u00a0 medio de la agresi\u00f3n directa.<br \/>\nAl hablar la noche del mi\u00e9rcoles en la Alianza Francesa de San \u00c1ngel sobre La brujer\u00eda: umbral de la locura, el especialista de 62 a\u00f1os\u00a0 \u00a0 explic\u00f3 que en la sociedad bamileke la forma en la que es juzgado\u00a0 \u00a0  quien recibe la<br \/>\nacusaci\u00f3n de brujo\u0097expresi\u00f3n del mal\u0097representa una forma de escapar a la patolog\u00eda de la persecuci\u00f3n y por lo tanto evitar la locura.<br \/>\n\u0093El brujo es presentado ante los notables del pueblo, con la concurrencia de la comunidad y el acusador que es su v\u00edctima. A una se\u00f1al, alguien entrega al acusado una tortuga que representa al dios de la verdad. El acusado debe escupirla para que su palabra sea buena\u0094, narr\u00f3 Pradelles de Latour.<br \/>\nAl ser interrogado, el supuesto brujo niega saber nada sobre el asunto, y cuando insiste el acusador, responde: \u0093si yo lo s\u00e9, es el otro yo el que lo hizo y no yo\u0094.<br \/>\nLos bamilekes creen que cada individuo tiene otro \u0093yo mismo\u0094 al que no conoce. Para el veredicto final, se pone a la tortuga en el suelo: si camina hacia la derecha del jefe, el acusado no es responsable, si se va hacia a la izquierda s\u00ed es responsable.<br \/>\n\u0093No es una aberraci\u00f3n dejar a una tortuga el veredicto\u0094, explic\u00f3 el etn\u00f3logo, \u0093es un juicio astuto porque le permite al acusado salir de la persecuci\u00f3n, ya que incluso si resulta responsable, no es culpable porque carece del saber para vincularse con su otro yo\u0094.<br \/>\nPradelles de Latour asegur\u00f3 que el riesgo de estudiar la brujer\u00eda es quedar embrujado y asegur\u00f3 que no fue dif\u00edcil que lo aceptara esta etnia porque \u0093los africanos son muy tolerantes, no son xenof\u00f3bicos y basta con mostrarles continuidad y respeto\u0094.<\/p>\n<p>&#8212;<br \/>\nEt in Arcadia Ego <\/p>\n","protected":false},"excerpt":{"rendered":"<p>Reduce la brujer\u00eda el uso de violencia 21 Septiembre 2000 La brujer\u00eda no siempre es mala, en ocasiones puede ser una v\u00e1lvula de escape Por ANTONIO BERTRAN\/El Norte (Mexico) Cd de M\u00e9xico, M\u00e9xico.- La brujer\u00eda no siempre es mala, en ocasiones puede ser una v\u00e1lvula de escape. Algunos estudios revelan que en las sociedades donde se practica, el nivel de<\/p>\n","protected":false},"author":4,"featured_media":0,"comment_status":"closed","ping_status":"open","sticky":false,"template":"","format":"standard","meta":{"footnotes":""},"categories":[50],"tags":[],"class_list":["post-155","post","type-post","status-publish","format-standard","hentry","category-resistencia-indigena-y-asuntos-actuales-en-america"],"_links":{"self":[{"href":"https:\/\/nasdat.com\/index.php?rest_route=\/wp\/v2\/posts\/155","targetHints":{"allow":["GET"]}}],"collection":[{"href":"https:\/\/nasdat.com\/index.php?rest_route=\/wp\/v2\/posts"}],"about":[{"href":"https:\/\/nasdat.com\/index.php?rest_route=\/wp\/v2\/types\/post"}],"author":[{"embeddable":true,"href":"https:\/\/nasdat.com\/index.php?rest_route=\/wp\/v2\/users\/4"}],"replies":[{"embeddable":true,"href":"https:\/\/nasdat.com\/index.php?rest_route=%2Fwp%2Fv2%2Fcomments&post=155"}],"version-history":[{"count":0,"href":"https:\/\/nasdat.com\/index.php?rest_route=\/wp\/v2\/posts\/155\/revisions"}],"wp:attachment":[{"href":"https:\/\/nasdat.com\/index.php?rest_route=%2Fwp%2Fv2%2Fmedia&parent=155"}],"wp:term":[{"taxonomy":"category","embeddable":true,"href":"https:\/\/nasdat.com\/index.php?rest_route=%2Fwp%2Fv2%2Fcategories&post=155"},{"taxonomy":"post_tag","embeddable":true,"href":"https:\/\/nasdat.com\/index.php?rest_route=%2Fwp%2Fv2%2Ftags&post=155"}],"curies":[{"name":"wp","href":"https:\/\/api.w.org\/{rel}","templated":true}]}}