{"id":1510,"date":"2008-06-10T04:03:30","date_gmt":"2008-06-10T04:03:30","guid":{"rendered":"http:\/\/nasdat.com\/?p=1510"},"modified":"2008-06-10T04:03:30","modified_gmt":"2008-06-10T04:03:30","slug":"\"el-mundo-es-blanco\"","status":"publish","type":"post","link":"https:\/\/nasdat.com\/?p=1510","title":{"rendered":"&#8220;EL MUNDO ES BLANCO&#8221;"},"content":{"rendered":"<p>TEXTO DE ATAWALLPA OVIEDO FREIRE<br \/>\n&#8220;EL MUNDO ES BLANCO&#8221;<\/p>\n<p>Abruptamente hace 500 a\u00f1os lo blanco se asumi\u00f3 como lo mejor, lo m\u00e1s desarrollado, adelantado, inteligente, bello&#8230; Tanto lo repitieron, que como dice un viejo refr\u00e1n: una mentira mil veces repetida parece despu\u00e9s una verdad. Y ha sido tanto as\u00ed, que ahora todo gira a su alrededor, llegando al extremo de que los otros colores reniegan del suyo y buscan a cualquier precio blanquearse, si es necesario pint\u00e1ndose o recurriendo a la cirug\u00eda pl\u00e1stica. El doctor Robert Stolar, un famoso dermat\u00f3logo norteamericano, declar\u00f3 tajantemente: &#8220;De ahora en adelante los negros pueden volverse blancos&#8221;. Y ense\u00f1\u00f3 fotograf\u00edas de m\u00e1s de una docena de negros antes y despu\u00e9s del tratamiento. La cosa ocurr\u00eda en una asamblea de! la American Medical association. El doctor Stolar dice que el tratamiento dura mas o menos dos a\u00f1os y que si un negro quiere volverse blanco su vida experimentar\u00e1 una profunda transformaci\u00f3n. Adem\u00e1s, que los negros que se han vuelto blancos encuentran trabajo con mayor facilidad. Una mujer negra que ahora es blanca ha dicho que se le negaba siempre la entrada en un sal\u00f3n de belleza de Manhattan. Desde que es blanca, la han admitido siempre enseguida[8].<br \/>\nTal es el nivel de primac\u00eda de lo blanco, que ahora los dem\u00e1s colores parecen desentonados, degradantes, feos, inferiores; en contraposici\u00f3n a lo blanco que es sin\u00f3nimo de pureza, paz, limpieza, divinidad. Tanto ha trascendido lo blanco en un corto per\u00edodo de tiempo de la humanidad (500 a\u00f1os), que antes que el poder pol\u00edtico o econ\u00f3mico est\u00e1 el poder del color. Un joven blanco pobre tiene m\u00e1s oportunidades que un negro rico. La mayor\u00eda de la mano de obra barata de Am\u00e9rica son rojos (indios). Nunca he visto una negra como cajera de un banco o una india como presentadora de televisi\u00f3n. Con pocas excepciones, esto se repite a nivel mundial. \u00bfSer\u00e1 pura casualidad?.<br \/>\nVivimos en un mundo dominado por un solo color, en donde los valores, c\u00f3digos, pensamientos, tecnolog\u00edas, ciencias, paradigmas de lo blanco es autoconsiderado y convalidado por los dem\u00e1s como lo m\u00e1s desarrollado, avanzado, primer mundista; y todo lo demas conceptuados como subdesarrollados, atrasados, tercer mundistas. Tal es la influencia y preeminencia de lo blanco, que est\u00e1 autocalificaci\u00f3n y autoclasificaci\u00f3n socio-cultural establecida y determinada por ellos mismos; ha sido aceptada y es repetida taxativamente por economistas, pol\u00edticos, soci\u00f3logos, antrop\u00f3logos, intelectuales del intencionalmente denominado tercer mundo. Inclusive aquellos que se autocalifican de progresistas o de izquierda, est\u00e1n convencidos de ello, y repiten el mismo discurso para convencerse a si mismos y por ende al pueblo, por quienes dicen luchar para sacarles del subdesarrollo en que viven.<br \/>\nTodos los m\u00e1s grandes pensadores oficiales, hablan del desarrollo y del progreso en relaci\u00f3n, comparaci\u00f3n y equiparaci\u00f3n con los esquemas y conceptos del pensamiento y vision blanca de la vida. No hay pensador o intelectual, reconocido oficialmente y de cualquier vertiente, que ubique como referente o punto de contraste para el analisis, a otros conocimientos de otras culturas, que no sea b\u00e1sicamente la blanca. Todos consciente e inconscientemente han dado por absoluto, que lo blanco es el cl\u00edmax, el centro, el eje del conocimiento y de la cultura universal.<br \/>\nVisi\u00f3n vertical de la vida, en donde la cultura blanca es el punto de partida y las dem\u00e1s visiones del mundo la continuaci\u00f3n de aquella, en una posici\u00f3n en degrade y escalonada hacia lo que consideran lo m\u00e1s primitivo, por tanto inferior. Si atentamente observamos, la mayor\u00eda de los llamados blancos, gen\u00e9tica y\/o culturalmente, en su actitud y comportamiento com\u00fan, en cualquier campo o actividad humana, tienden a mirar desde ellos hacia abajo. Pues en su psicolog\u00eda de formaci\u00f3n esta claro que ellos son los mejores del mundo, desde ninos aprenden quienes son paises desarrollados y quienes son subdesarrollados. No se diga, pues que hasta dios es blanco, rubio, de ojos azules.<br \/>\nEn cambio, los m\u00e1s o menos cobrizos, unas veces alzan su cabeza y otras veces se agachan. Mientras m\u00e1s morena o negra es la persona, casi nunca mirar\u00e1 a alguien por debajo. Es un sentimiento de superioridad o inferioridad, por tener tal o cual color de piel. No se mide a los seres humanos por lo que son, sino por el color que tienen.<br \/>\nNunca para referirse mal de una persona dicen: blanco tal y cual. Siempre est\u00e1 a flor de labios, el negro, el indio, el aborigen, el salvaje, el longo, el runa, el verdugo, el rocoto en cuyos sustantivos se encierran adjetivos peyorativos, es decir, encerrando en si mismo el concepto de denigraci\u00f3n. La mayor\u00eda de los pa\u00edses llamados latinoamericanos giran alrededor del color cobrizo, y siempre est\u00e1n a la cola o a los extremos de cualquier clase de evento internacional, inclusive en las fotograf\u00edas de los presidentes de la Rep\u00fablica. La pregunta es: \u00bfporqu\u00e9 y c\u00f3mo nos convencimos de ello?. \u00bfAcaso hay un problema gen\u00e9tico del que debemos culpar a la naturaleza o a dios?.<br \/>\nLa vanidad blanca lleg\u00f3 con Hitler a la c\u00faspide de la xenofobia racial, en su denodado af\u00e1n de imponerse al mundo como la raza m\u00e1s linda, inteligente, pura, desarrollada, (los psicol\u00f3gos llaman a esto complejo de superioridad). La vanidad aria y anglo-sajona interpuso a lo blanco, bien blanco, como el s\u00edmbolo del desarrollo humano, como la forma m\u00e1s alta de la inteligencia universal, es decir, como la m\u00e1s grande de las razas. Asi, hasta para medir la belleza hay que partir desde los gustos y caracteres blancos, tal como en los concursos de belleza de Miss Universo, donde esos prototipos de lo bello se han impuesto como los referentes de lo m\u00e1s lindo a nivel mundial. Incluso las negras que ganan, son aquellas que tienen rasgos fisicos de corte occidental.<br \/>\nNo nos olvidemos de los 6\u00b4000.000 de jud\u00edos muertos, o del KU KUX KLAN en Estados Unidos, o del apartheid en Sud\u00e1frica. Genocidios \u00e9stos, que no se comparan con el etnocidio suscitado en Am\u00e9rica. Se calcula que la poblaci\u00f3n roja (ind\u00edgena) bordeaba los 200 millones de habitantes, de la cual perecieron por las distintas v\u00edas o plagas (viruelas, hambre, esclavitud, tributos&#8230;) como dec\u00eda el Fray Toribio Motolon\u00eda, mas o menos unos 150 millones de personas.<br \/>\nPero a medida que va saliendo a la luz, todo aquello que fue ocultado por quienes ten\u00edan que justificarse a si mismos y a la humanidad entera por lo que hicieron, la imagen de Col\u00f3n se derrumba m\u00e1s r\u00e1pidamente que su carabela Santa Mar\u00eda que encall\u00f3 en un arrecife de coral frente a la isla que denominaron &#8220;La Espa\u00f1ola&#8221;. A los 500 a\u00f1os la reputaci\u00f3n de los antiguos y nuevos &#8220;Colones&#8221; se encuentra en una cuerda floja a punto de desmoronarse. En Hait\u00ed descendientes de esclavos negros africanos bajaron a Col\u00f3n de su pedestal y lo arrojaron al mar. En Quito, las estatuas de Col\u00f3n han sido cortadas la cabeza y las piernas, y pintadas con la esv\u00e1stica nazi. El Consejo Nacional de Iglesias de Estados Unidos que agrupa a 32 denominaciones protestantes, aprob\u00f3 una resoluci\u00f3n que declar\u00f3 a 1992 como &#8220;a\u00f1o de reflexi\u00f3n y penitencia&#8221; por la &#8220;invasi\u00f3n&#8221; que &#8220;produjo un racismo con respaldo eclesi\u00e1stico&#8230; genocidio, esclavitud, destrucci\u00f3n del medio ambiente y explotaci\u00f3n de la riqueza de la tierra&#8221;. El Consejo Episcopal de Ministerios Indios de los Estados Unidos en octubre del 92 realiz\u00f3 una ceremonia &#8220;alternativa&#8221; para &#8220;conmemorar los 500 a\u00f1os de supervivencia cultural&#8221;. Hans Koning, bi\u00f3grafo y cr\u00edtico de Col\u00f3n, comenta que &#8220;celebrar a un hombre que de hecho, desde el punto de vista indio, era peor que Atila &#8221; &#8230;&#8221; es casi obsceno&#8221;. El escritor espa\u00f1ol Rafael S\u00e1nchez Ferlosio, dijo que &#8220;resulta asombroso y hasta c\u00ednico que todav\u00eda haya quien sostenga de que en Am\u00e9rica hubo fusi\u00f3n de razas y culturas&#8221;. Jos\u00e9 Barroso, alcalde del Ayuntamiento de Puerto Real, piensa &#8220;! de que no hay gloria hist\u00f3rica que deba levantarse sobre la humillaci\u00f3n y el paleo de los vencidos&#8221;. Para el ensayista espa\u00f1ol Fernando Savater, &#8220;lo que hace menos veros\u00edmil esa dramatizaci\u00f3n conmemoratoria es que todos los papeles han sido escritos a partir de los conceptos acu\u00f1ados por los vencedores&#8230; La \u00fanica forma l\u00edcita de &#8220;celebrar&#8221; el descubrimiento de Am\u00e9rica no puede ser la autosatisfacci\u00f3n de los fuertes ni el lamento masoquista que no reconoce sus propios or\u00edgenes&#8230; Quiz\u00e1 por eso haya tanto de obsceno en cualquier &#8220;celebraci\u00f3n&#8221; satisfecha de lo irremediable&#8221;.<br \/>\nPero el asunto de fondo no es racial, sino este seria otro discurso racista desde el otro lado. Seria pensar que lo blanco es malo al contrario de lo que hoy se piensa que es bueno. Hoy se actua en terminos raciales en el comun de la gente y en el diario convivir, pues la primera reaccion es observar quien es mi oponente al otro lado. En Europa se habla mucho en estos tiempos de los matrimonios blancos, que significa que los europeos deben cuidar su raza y cultura. Lo que no significa que haya excepciones, pues parad\u00f3jicamente han sido descendientes de blancos los que han colaborado para que el pensamiento de los pueblos de tradici\u00f3n emerjan mas efusivamente en este tiempo.<br \/>\nNingun color, ni raza, ni cultura, ni pueblo es malo ni bueno, ni mejor ni peor, ni superior ni inferior; simplemente diferentes y los conceptos de progreso y desarrollo son relativos. Pero es indudable que la mentalidad de los blancos tiene que alcanzar humildad y de los otros autoestima, para mirarse de igual a igual. Es una cuestion de convivencia cultural, de despojarnos de arrogancias y prepotencias de cualquier clase y posici\u00f3n, para interactuar como seres humanos realmente civilizados y cultos, que significa respeto y responsabilidad conmigo mismo y los otros. Si no hay respeto no hay nada.<\/p>\n<p>ATAWALLPA OVIEDO FREIRE<br \/>\np\u00e1gina web: http:\/\/perso.wanadoo.fr\/pachakamak\/Index.htm<br \/>\ne-mail: yuyarina@yahoo.es<\/p>\n","protected":false},"excerpt":{"rendered":"<p>TEXTO DE ATAWALLPA OVIEDO FREIRE &#8220;EL MUNDO ES BLANCO&#8221; Abruptamente hace 500 a\u00f1os lo blanco se asumi\u00f3 como lo mejor, lo m\u00e1s desarrollado, adelantado, inteligente, bello&#8230; Tanto lo repitieron, que como dice un viejo refr\u00e1n: una mentira mil veces repetida parece despu\u00e9s una verdad. Y ha sido tanto as\u00ed, que ahora todo gira a su alrededor, llegando al extremo de<\/p>\n","protected":false},"author":4,"featured_media":0,"comment_status":"closed","ping_status":"open","sticky":false,"template":"","format":"standard","meta":{"footnotes":""},"categories":[50,251],"tags":[],"class_list":["post-1510","post","type-post","status-publish","format-standard","hentry","category-resistencia-indigena-y-asuntos-actuales-en-america","category-temas-destacados"],"_links":{"self":[{"href":"https:\/\/nasdat.com\/index.php?rest_route=\/wp\/v2\/posts\/1510","targetHints":{"allow":["GET"]}}],"collection":[{"href":"https:\/\/nasdat.com\/index.php?rest_route=\/wp\/v2\/posts"}],"about":[{"href":"https:\/\/nasdat.com\/index.php?rest_route=\/wp\/v2\/types\/post"}],"author":[{"embeddable":true,"href":"https:\/\/nasdat.com\/index.php?rest_route=\/wp\/v2\/users\/4"}],"replies":[{"embeddable":true,"href":"https:\/\/nasdat.com\/index.php?rest_route=%2Fwp%2Fv2%2Fcomments&post=1510"}],"version-history":[{"count":0,"href":"https:\/\/nasdat.com\/index.php?rest_route=\/wp\/v2\/posts\/1510\/revisions"}],"wp:attachment":[{"href":"https:\/\/nasdat.com\/index.php?rest_route=%2Fwp%2Fv2%2Fmedia&parent=1510"}],"wp:term":[{"taxonomy":"category","embeddable":true,"href":"https:\/\/nasdat.com\/index.php?rest_route=%2Fwp%2Fv2%2Fcategories&post=1510"},{"taxonomy":"post_tag","embeddable":true,"href":"https:\/\/nasdat.com\/index.php?rest_route=%2Fwp%2Fv2%2Ftags&post=1510"}],"curies":[{"name":"wp","href":"https:\/\/api.w.org\/{rel}","templated":true}]}}