{"id":1024,"date":"2009-01-18T13:29:18","date_gmt":"2009-01-18T13:29:18","guid":{"rendered":"http:\/\/nasdat.com\/?p=1024"},"modified":"2009-01-18T13:29:18","modified_gmt":"2009-01-18T13:29:18","slug":"los-10-sintomas-de-a-paz-interior","status":"publish","type":"post","link":"https:\/\/nasdat.com\/?p=1024","title":{"rendered":"Los 10 sintomas de a paz interior"},"content":{"rendered":"<p>From: MINERO16\u00a0 (Original Message) Sent: 22\/04\/2004 02:58<br \/>\nA lo largo de la historia de la humanidad, sabios pertenecientes a diversas culturas surgidas en diferentes puntos del planeta consideraron la paz interior uno de los bienes capitales &#8211; probablemente, el m\u00e1s valioso &#8211; que debe procurarse el ser humano. La explicaci\u00f3n de la preponderancia de este bien sobre el resto resultaba pr\u00e1cticamente obvia: sin tranquilidad de esp\u00edritu, el individuo se encontraba imposibilitado de disfrutar de cualquier otro bien, no importaba cu\u00e1l fuera su naturaleza o magnitud. <\/p>\n<p>En la actualidad las ense\u00f1anzas de aquellos sabios mantienen plenamente su vigencia y cobran una enorme importancia, debido al vertiginoso ritmo de la vida moderna y del nivel de ansiedad y estr\u00e9s que \u00e9sta conlleva. El desequilibrio y el nerviosismo cotidianos se multiplican d\u00eda a d\u00eda y amenazan con transformarse en una suerte de epidemia que, al expandirse, podr\u00eda tener efectos devastadores, similares a los de una nueva guerra mundial.<br \/>\nA fin de preservamos como individuos y como especie, debemos tomar conciencia de los riesgos que implica la p\u00e9rdida de la paz interior y esforzarnos por preservar a toda costa este preciado bien.<\/p>\n<p>Pero, \u00bfc\u00f3mo saber si realmente gozamos de tranquilidad espiritual? \u00bfNo es posible que vivamos enga\u00f1ando a los dem\u00e1s y a nosotros mismos, fingiendo un estado de equilibrio interior que en verdad no poseemos? Con el prop\u00f3sito de despejar dudas, los estudiosos afirman que existen 10 s\u00edntomas inequ\u00edvocos presentes en todos aquellos seres que manifiestan una aut\u00e9ntica paz espiritual:<\/p>\n<p>1 &#8211; Tus pensamientos y actos son espont\u00e1neos y no obedecen a temores heredados de experiencias anteriores. <\/p>\n<p>2 &#8211; No acostumbras recriminar nada a quienes te rodean ni a ti mismo.<\/p>\n<p>3 &#8211; El mundo no es entendido\u00a0 por ti como un foco de conflictos sino como el mero escenario del accionar humano.<\/p>\n<p>4 &#8211; Ante un problema, no reaccionas preocup\u00e1ndote; buscas soluciones.<\/p>\n<p>5 &#8211; Posees una enorme capacidad de disfrutar de cada instante.<\/p>\n<p>6- Agradeces permanentemente\u00a0 a cuantos te brindan su ayuda.<\/p>\n<p>7 &#8211; Tienes la certeza de vivir en plena conexi\u00f3n con tus semejantes y con la naturaleza.<\/p>\n<p>8 -Sonr\u00edes frecuentemente, expresando la alegr\u00eda y la seguridad que tu postura ante la vida te proporciona.<\/p>\n<p>9 -Optas por dejar que las cosas simplemente sucedan en vez de forzar la realidad.<\/p>\n<p>10 &#8211; Permaneces abierto al afecto emanado de tu entorno y sientes una imperiosa necesidad de extender tu mano al pr\u00f3jimo. <\/p>\n<p>First\u00a0 Previous\u00a0 2-4 of 4\u00a0 Next\u00a0 Last\u00a0  <\/p>\n<p>Reply<br \/>\n Recommend\u00a0  Message 2 of 4 in Discussion\u00a0  <\/p>\n<p>From: Hongo_Cosmico Sent: 25\/04\/2004 14:00<br \/>\nMe parece muy interesante, solo a\u00f1adir que no poseo la paz interior si no que la paz interior me posee a mi, de igual modo que no poseo la guerra interior, si no que esta me posee a mi. No gozo de la tranquilidad espiritual, si no que la tranquilidad me goza y como no, me sufre a mi, con todas las circunstancias de mi yo encapsulado en la necesidad de una cosa y la otra.<br \/>\nSi mis pensamientos y actos fueran espont\u00e1neos y no obedecieran a experiencias anteriores probablemente mas que un ser en paz ser\u00eda un ser trascendido, pero no siendo as\u00ed, es que me poseen las circunstancias ya sean positivas o negativas.<br \/>\nSuelo recrininar muchas cosas a aquellos que me rodean (a veces de los modos mas inidentificables, hasta por mi misma necedad) aunque todav\u00eda no estoy seguro de algo&#8230;\u00bfSer\u00e1n las circunstancias las que me usan? \u00bfSoy realmente yo quien recrimina? Tengamos en cuenta que en la medida en que me desconozco, todas estas cosas representan un condicionamiento tanto en mi como en todos, siempre desde mi experiencia&#8230;ummm&#8230;.subjetiva&#8230;..<\/p>\n<p>El mundo es entendido por mi como una dualidad, hay dos espacios por as\u00ed decirlo, uno sagrado y otro profano: Uno genera soluciones y problemas por separado, en el otro espacio soluciones y problemas colaboran. De este modo, puede que reaccione preocup\u00e1ndome ante los problemas o puede que no, pero esto no es suficiente para saber en cual de los dos espacios me estoy enfocando. Y creo que en este sentido la voluntad incondicionada tiene, definitivamente, la \u00faltima palabra.<br \/>\nTengo conexi\u00f3n, efecitvamente, con mi semejantes. Pero no estoy tan seguro de tenerla con aquellos que por el contrario, ya no se me asemejan tanto. Claro que hay dos tipos de semejanzas: existe una semejanza afectiva positiva y una semejanza afectiva en negativo. Luego est\u00e1n los afectos positivos y negativos conscientes, as\u00ed como los inconscientes -no es que importen mucho las clasificaciones pero a veces sirven para desbordarse -. As\u00ed, los rabia, dolor y llanto, de una forma mas o menos consciente constituyen conflictos de semejanzas afectivas o incluso diferencias, pero sin duda conectadas por un flujo de sentimientos compartidos que son los que nos colocan siempre en el sitio en que debemos estar. A veces, me da la sensaci\u00f3n que el universo necesita una l\u00e1grima mia, una herida o un insulto proferido de mi boca&#8230;la mayor de las veces no me doy cuenta cuando esto sucede y ah\u00ed si es realmente una jodienda t\u00edo. Me gustar\u00eda ser mas consciente de la necesidad que tiene el universo de mi lado negativo. Claro que tambien del positivo, pues casi estamos hablando de lo mismo.<\/p>\n<p>No se si conzco la aut\u00e9ntica paz interior, tampoco la aut\u00e9ntica oposicici\u00f3n pero de lo que estoy seguro es de que lo intento en el \u00e1mbito de la experiencia. Quiero decir, no se si es tanto estar en paz como querer estar \u00edntegro incondicionadamente. Pero de todas formas se agradecen tus buenas intenciones.<\/p>\n<p>Sin duda que si buscamos la paz puede que tengamos una deficiencia de ella o un exceso intolerado de la misma nos llev\u00f3 a guerrear de forma indeseada, con lo cual de un modo u otro necesitamos recuperar la integridad de nuestra voluntad, lo cual probablemente prime sobre la paz y la guerra interior, e incluso sobre la oposici\u00f3n entre ambas cosas. <\/p>\n<p>Reply<br \/>\n Recommend\u00a0  Message 3 of 4 in Discussion\u00a0  <\/p>\n<p>From: MINERO16 Sent: 27\/04\/2004 16:43<br \/>\nRespeto tu manera de pensar y sentir,mas creo que de ninguna manera se debe de sentir que nos poseen a nosotros,al contrario nosotros decidimos que sentir,como\u00a0 sentirnos,no solo tenemos la capacidad de tomar ,por que\u00a0 para esta nos dier\u00f3n el libre\u00a0 albeldrio lo cual nos lleva a una gran reponsabilidad,solo agregar que para eso estamos ,para tratar de TRACENDER,saludos y\u00a0 muchas gracias por tu respuesta.<\/p>\n<p>JORGE <\/p>\n<p>Reply<br \/>\n Recommend\u00a0  Message 4 of 4 in Discussion\u00a0  <\/p>\n<p>From: Hongo_Cosmico Sent: 30\/04\/2004 12:19<br \/>\nTe entiendo aunque las cosas exteriores te atrapan porque nosotros las atrapamos, digamos que esa voluntad y capacidad de decir si quiero o vete de aqu\u00ed, no es solo m\u00eda si no que tambi\u00e9n tiene un componente tuyo.<\/p>\n<p>Mi opini\u00f3n es que la voluntad incondicionada, que lo penetra todo sin poseer nada, carece de ego. Y esto ya es motivo mas que suficiente para respetar el espacio vital de los dem\u00e1s, porque as\u00ed es que somos peque\u00f1as condensaciones.<\/p>\n","protected":false},"excerpt":{"rendered":"<p>From: MINERO16\u00a0 (Original Message) Sent: 22\/04\/2004 02:58 A lo largo de la historia de la humanidad, sabios pertenecientes a diversas culturas surgidas en diferentes puntos del planeta consideraron la paz interior uno de los bienes capitales &#8211; probablemente, el m\u00e1s valioso &#8211; que debe procurarse el ser humano. La explicaci\u00f3n de la preponderancia de este bien sobre el resto resultaba<\/p>\n","protected":false},"author":9,"featured_media":0,"comment_status":"closed","ping_status":"open","sticky":false,"template":"","format":"standard","meta":{"footnotes":""},"categories":[108],"tags":[],"class_list":["post-1024","post","type-post","status-publish","format-standard","hentry","category-ser-conciencia"],"_links":{"self":[{"href":"https:\/\/nasdat.com\/index.php?rest_route=\/wp\/v2\/posts\/1024","targetHints":{"allow":["GET"]}}],"collection":[{"href":"https:\/\/nasdat.com\/index.php?rest_route=\/wp\/v2\/posts"}],"about":[{"href":"https:\/\/nasdat.com\/index.php?rest_route=\/wp\/v2\/types\/post"}],"author":[{"embeddable":true,"href":"https:\/\/nasdat.com\/index.php?rest_route=\/wp\/v2\/users\/9"}],"replies":[{"embeddable":true,"href":"https:\/\/nasdat.com\/index.php?rest_route=%2Fwp%2Fv2%2Fcomments&post=1024"}],"version-history":[{"count":0,"href":"https:\/\/nasdat.com\/index.php?rest_route=\/wp\/v2\/posts\/1024\/revisions"}],"wp:attachment":[{"href":"https:\/\/nasdat.com\/index.php?rest_route=%2Fwp%2Fv2%2Fmedia&parent=1024"}],"wp:term":[{"taxonomy":"category","embeddable":true,"href":"https:\/\/nasdat.com\/index.php?rest_route=%2Fwp%2Fv2%2Fcategories&post=1024"},{"taxonomy":"post_tag","embeddable":true,"href":"https:\/\/nasdat.com\/index.php?rest_route=%2Fwp%2Fv2%2Ftags&post=1024"}],"curies":[{"name":"wp","href":"https:\/\/api.w.org\/{rel}","templated":true}]}}